{"id":78551,"date":"2018-12-28T11:27:33","date_gmt":"2018-12-28T14:27:33","guid":{"rendered":"http:\/\/www.caririemacao.com\/1\/?p=78551"},"modified":"2018-12-28T11:27:33","modified_gmt":"2018-12-28T14:27:33","slug":"bolsonaro-estuda-aumentar-validade-da-cnh-de-5-para-10-anos","status":"publish","type":"post","link":"https:\/\/www.caririemacao.com\/1\/2018\/12\/28\/bolsonaro-estuda-aumentar-validade-da-cnh-de-5-para-10-anos\/","title":{"rendered":"Bolsonaro estuda aumentar validade da CNH de 5 para 10 anos"},"content":{"rendered":"<p>O presidente eleito, Jair Bolsonaro, afirmou nesta sexta-feira (28), em sua conta no Twitter, que avalia estender para 10 anos o prazo de validade da carteira de motorista. Atualmente, o motorista deve renovar a CNH a cada cinco anos.<\/p>\n<p>\u201cParabenizo o governo do RJ por extinguir a vistoria anual de ve\u00edculos. Outrossim, informo que faremos gest\u00f5es no sentido de passar para 10 anos a validade da carteira nacional de habilita\u00e7\u00e3o (hoje, seu prazo \u00e9 de 5 anos)\u201d, escreveu Bolsonaro.<\/p>\n<p>Depois de passar a folga de Natal na base naval da Restinga de Marambaia, o presidente eleito voltou na quinta-feira (27) para casa, na Barra da Tijuca (RJ). Na manh\u00e3 desta sexta, ele recebeu de um artista uma obra, feita com c\u00e1psulas de muni\u00e7\u00e3o, que retrata o rosto do presidente eleito dentro do mapa do Brasil. As fotos da homenagem foram divulgadas pela assessoria de Bolsonaro.<\/p>\n<p>Na parte da tarde, Bolsonaro vai se encontrar com o primeiro-ministro de Israel, Benjamin Netanyahu. Eles v\u00e3o se reunir no Forte de Copacabana. Netanyahu vai assistir \u00e0 cerim\u00f4nia de posse de Bolsonaro, na pr\u00f3xima ter\u00e7a-feira (1\u00ba).<\/p>\n","protected":false},"excerpt":{"rendered":"<p>O presidente eleito, Jair Bolsonaro, afirmou nesta sexta-feira (28), em sua conta no Twitter, que avalia estender para 10 anos o prazo de validade da&hellip; <\/p>\n","protected":false},"author":1,"featured_media":32286,"comment_status":"closed","ping_status":"closed","sticky":false,"template":"","format":"standard","meta":{"sfsi_plus_gutenberg_text_before_share":"","sfsi_plus_gutenberg_show_text_before_share":"","sfsi_plus_gutenberg_icon_type":"","sfsi_plus_gutenberg_icon_alignemt":"","sfsi_plus_gutenburg_max_per_row":"","footnotes":""},"categories":[11],"tags":[],"class_list":["post-78551","post","type-post","status-publish","format-standard","has-post-thumbnail","hentry","category-politica"],"_links":{"self":[{"href":"https:\/\/www.caririemacao.com\/1\/wp-json\/wp\/v2\/posts\/78551","targetHints":{"allow":["GET"]}}],"collection":[{"href":"https:\/\/www.caririemacao.com\/1\/wp-json\/wp\/v2\/posts"}],"about":[{"href":"https:\/\/www.caririemacao.com\/1\/wp-json\/wp\/v2\/types\/post"}],"author":[{"embeddable":true,"href":"https:\/\/www.caririemacao.com\/1\/wp-json\/wp\/v2\/users\/1"}],"replies":[{"embeddable":true,"href":"https:\/\/www.caririemacao.com\/1\/wp-json\/wp\/v2\/comments?post=78551"}],"version-history":[{"count":1,"href":"https:\/\/www.caririemacao.com\/1\/wp-json\/wp\/v2\/posts\/78551\/revisions"}],"predecessor-version":[{"id":78552,"href":"https:\/\/www.caririemacao.com\/1\/wp-json\/wp\/v2\/posts\/78551\/revisions\/78552"}],"wp:featuredmedia":[{"embeddable":true,"href":"https:\/\/www.caririemacao.com\/1\/wp-json\/wp\/v2\/media\/32286"}],"wp:attachment":[{"href":"https:\/\/www.caririemacao.com\/1\/wp-json\/wp\/v2\/media?parent=78551"}],"wp:term":[{"taxonomy":"category","embeddable":true,"href":"https:\/\/www.caririemacao.com\/1\/wp-json\/wp\/v2\/categories?post=78551"},{"taxonomy":"post_tag","embeddable":true,"href":"https:\/\/www.caririemacao.com\/1\/wp-json\/wp\/v2\/tags?post=78551"}],"curies":[{"name":"wp","href":"https:\/\/api.w.org\/{rel}","templated":true}]}}