{"id":78555,"date":"2018-12-28T11:31:59","date_gmt":"2018-12-28T14:31:59","guid":{"rendered":"http:\/\/www.caririemacao.com\/1\/?p=78555"},"modified":"2018-12-28T11:31:59","modified_gmt":"2018-12-28T14:31:59","slug":"tarifas-de-utilizacao-dos-terminais-rodoviarios-na-pb-ficam-mais-caras-a-partir-de-janeiro","status":"publish","type":"post","link":"https:\/\/www.caririemacao.com\/1\/2018\/12\/28\/tarifas-de-utilizacao-dos-terminais-rodoviarios-na-pb-ficam-mais-caras-a-partir-de-janeiro\/","title":{"rendered":"Tarifas de utiliza\u00e7\u00e3o dos terminais rodovi\u00e1rios na PB ficam mais caras a partir de janeiro"},"content":{"rendered":"<p class=\"content-text__container theme-color-primary-first-letter\" data-track-category=\"Link no Texto\">As Tarifas de Utiliza\u00e7\u00e3o dos Terminais Rodovi\u00e1rios (TUTs) na Para\u00edba ficam mais caras a partir do dia 1\u00ba de janeiro de 2019. Os novos valores foram publicados no Di\u00e1rio Oficial do Estado (DOE) desta sexta-feira (28) e foram definidos durante uma sess\u00e3o realizada em dezembro pelo Conselho Executivo do Departamento de Estradas e Rodagens (DER) da Para\u00edba.<\/p>\n<div class=\"wall protected-content\">\n<div class=\"mc-column content-text active-extra-styles \" data-block-type=\"unstyled\" data-block-weight=\"64\" data-block-id=\"3\">\n<p class=\"content-text__container \" data-track-category=\"Link no Texto\">Nos terminais rodovi\u00e1rios operados pela Socicam, as viagens intermunicipais de at\u00e9 40km passam a ter uma tarifa de R$ 1,35. Para viagens acima de 40km e at\u00e9 120km, tamb\u00e9m intermunicipais, a tarifa custa R$ 2,75. J\u00e1 para viagens acima de 120km, a tarifa atinge o valor de R$ 4,10. Para viagens interestaduais, em terminais administrados pela Socicam, a tarifa passa a custar R$ 5,50.<\/p>\n<\/div>\n<div data-track-category=\"multicontent\" data-track-action=\"ultimo chunk conteudo\" data-track-noninteraction=\"false\" data-track-scroll=\"view\">\n<div class=\"mc-column content-text active-extra-styles \" data-block-type=\"unstyled\" data-block-weight=\"50\" data-block-id=\"4\">\n<p class=\"content-text__container \" data-track-category=\"Link no Texto\">Nos terminais rodovi\u00e1rios que s\u00e3o operados e administrados diretamente pelo DER, para viagens intermunicipais de at\u00e9 40km, a TUT passa a custar R$ 1,35, enquanto nas demais viagens, a tarifa fica a R$ 2,75. J\u00e1 para viagens interestaduais em terminais administrados pelo DER, a tarifa tamb\u00e9m \u00e9 de R$ 5,50.<\/p>\n<\/div>\n<\/div>\n<\/div>\n<p class=\"noticia_fonte\">G1<\/p>\n","protected":false},"excerpt":{"rendered":"<p>As Tarifas de Utiliza\u00e7\u00e3o dos Terminais Rodovi\u00e1rios (TUTs) na Para\u00edba ficam mais caras a partir do dia 1\u00ba de janeiro de 2019. Os novos valores&hellip; <\/p>\n","protected":false},"author":1,"featured_media":78556,"comment_status":"closed","ping_status":"closed","sticky":false,"template":"","format":"standard","meta":{"sfsi_plus_gutenberg_text_before_share":"","sfsi_plus_gutenberg_show_text_before_share":"","sfsi_plus_gutenberg_icon_type":"","sfsi_plus_gutenberg_icon_alignemt":"","sfsi_plus_gutenburg_max_per_row":"","footnotes":""},"categories":[2],"tags":[],"class_list":["post-78555","post","type-post","status-publish","format-standard","has-post-thumbnail","hentry","category-geral"],"_links":{"self":[{"href":"https:\/\/www.caririemacao.com\/1\/wp-json\/wp\/v2\/posts\/78555","targetHints":{"allow":["GET"]}}],"collection":[{"href":"https:\/\/www.caririemacao.com\/1\/wp-json\/wp\/v2\/posts"}],"about":[{"href":"https:\/\/www.caririemacao.com\/1\/wp-json\/wp\/v2\/types\/post"}],"author":[{"embeddable":true,"href":"https:\/\/www.caririemacao.com\/1\/wp-json\/wp\/v2\/users\/1"}],"replies":[{"embeddable":true,"href":"https:\/\/www.caririemacao.com\/1\/wp-json\/wp\/v2\/comments?post=78555"}],"version-history":[{"count":1,"href":"https:\/\/www.caririemacao.com\/1\/wp-json\/wp\/v2\/posts\/78555\/revisions"}],"predecessor-version":[{"id":78557,"href":"https:\/\/www.caririemacao.com\/1\/wp-json\/wp\/v2\/posts\/78555\/revisions\/78557"}],"wp:featuredmedia":[{"embeddable":true,"href":"https:\/\/www.caririemacao.com\/1\/wp-json\/wp\/v2\/media\/78556"}],"wp:attachment":[{"href":"https:\/\/www.caririemacao.com\/1\/wp-json\/wp\/v2\/media?parent=78555"}],"wp:term":[{"taxonomy":"category","embeddable":true,"href":"https:\/\/www.caririemacao.com\/1\/wp-json\/wp\/v2\/categories?post=78555"},{"taxonomy":"post_tag","embeddable":true,"href":"https:\/\/www.caririemacao.com\/1\/wp-json\/wp\/v2\/tags?post=78555"}],"curies":[{"name":"wp","href":"https:\/\/api.w.org\/{rel}","templated":true}]}}