{"id":78558,"date":"2018-12-28T11:34:03","date_gmt":"2018-12-28T14:34:03","guid":{"rendered":"http:\/\/www.caririemacao.com\/1\/?p=78558"},"modified":"2018-12-28T11:34:03","modified_gmt":"2018-12-28T14:34:03","slug":"aluno-de-9-anos-recebe-mencao-honrosa-da-onu-por-desenho-sobre-os-direitos-humanos","status":"publish","type":"post","link":"https:\/\/www.caririemacao.com\/1\/2018\/12\/28\/aluno-de-9-anos-recebe-mencao-honrosa-da-onu-por-desenho-sobre-os-direitos-humanos\/","title":{"rendered":"Aluno de 9 anos recebe men\u00e7\u00e3o honrosa da ONU por desenho sobre os direitos humanos"},"content":{"rendered":"<p>O talento do pequeno Antonio Vieira Marques Tavares, o Tonico, de 9 anos, de Mococa (SP), foi reconhecido mundialmente por meio de uma men\u00e7\u00e3o honrosa da Organiza\u00e7\u00e3o das Na\u00e7\u00f5es Unidas (ONU) para um desenho que ele fez com o tema direitos humanos.<\/p>\n<p>O desenho de Tonico foi um dos 70 selecionados entre mais de 17 mil trabalhos de 71 pa\u00edses, que participaram do concurso em comemora\u00e7\u00e3o aos 70 anos da Declara\u00e7\u00e3o dos Direitos Humanos, realizado pela ONU.<\/p>\n<figure><img decoding=\"async\" data-src=\"https:\/\/www.clickpb.com.br\/media\/filer_public\/b0\/1e\/b01ef09d-dae9-4f18-8147-e73381734600\/desenho_crianca.jpeg\" data-image=\"109426\" src=\"data:image\/svg+xml;base64,PHN2ZyB3aWR0aD0iMSIgaGVpZ2h0PSIxIiB4bWxucz0iaHR0cDovL3d3dy53My5vcmcvMjAwMC9zdmciPjwvc3ZnPg==\" class=\"lazyload\" \/><\/figure>\n<p>Tonico \u00e9 aluno do 4\u00ba ano da Escola Estadual Professora Nancy de Rezende Zamarian e participou do concurso por incentivo da professora de Artes da escola.<\/p>\n<p>\u201cEu vi o concurso na internet e passei para os alunos, mas s\u00f3 o Antonio me trouxe os desenhos no outro dia\u201d, contou a professora Denise Viana Leite Pedrosa.<\/p>\n<p>Ele enviou dois desenhos: um sobre inclus\u00e3o e um sobre refugiados, este \u00faltimo ficou entre os finalistas do tema \u201cComo eu posso defender ou promover os direitos humanos\u201d.<\/p>\n<p>\u201cEle queria escrever as palavras paz e liberdade e eu o ajudei a procurar as palavras em ingl\u00eas. Antonio \u00e9 uma crian\u00e7a muito sens\u00edvel e talentosa e sempre est\u00e1 interessado em participar de tudo o que aparece\u201d, disse Denise.<\/p>\n<p>O menino diz que se inspirou no sofrimento dos refugiados para fazer o desenho de uma m\u00e3o em meio a uma cerca de arame farpado.<\/p>\n<p>\u201cEle disse que a m\u00e3o representa o sofrimento e o sol amarelo representa a esperan\u00e7a\u201d, contou a m\u00e3e de Tonico, Juliani Marcilli Vieira.<\/p>\n<figure><img decoding=\"async\" data-src=\"https:\/\/www.clickpb.com.br\/media\/filer_public\/6e\/be\/6ebefd16-c783-4b96-8530-907d9b152ac5\/desenho.jpg\" data-image=\"109427\" src=\"data:image\/svg+xml;base64,PHN2ZyB3aWR0aD0iMSIgaGVpZ2h0PSIxIiB4bWxucz0iaHR0cDovL3d3dy53My5vcmcvMjAwMC9zdmciPjwvc3ZnPg==\" class=\"lazyload\" \/><\/figure>\n<p>Com pouca experi\u00eancia sobre o assunto Tonico tirou as informa\u00e7\u00f5es das reportagens que v\u00ea na TV e na hist\u00f3ria da sua fam\u00edlia, j\u00e1 que o seu tatarav\u00f4 veio da It\u00e1lia para o Brasil para fugir da 2\u00aa Guerra.<\/p>\n<p>A m\u00e3e contou que Tonico sempre gostou de desenhar e j\u00e1 ganhou um concurso de cart\u00f5es de Natal da escola.<\/p>\n<p>O desenho ficar\u00e1 exposto na sede das Na\u00e7\u00f5es Unidas em Genebra, na Su\u00ed\u00e7a e depois far\u00e1 parte do acervo do Museu de Arte Infantil da Rainha Sofia, da Funda\u00e7\u00e3o Gabarr\u00f3n, em Valladolid, na Espanha.<\/p>\n<p>O concurso \u201cCrian\u00e7as pelos direitos humanos\u201d foi promovido pelo Servi\u00e7o de Informa\u00e7\u00e3o das Na\u00e7\u00f5es Unidas (UNIS) em Genebra, na Su\u00ed\u00e7a, e o Escrit\u00f3rio do Alto Comissariado das Na\u00e7\u00f5es Unidas para os Direitos Humanos (ACNUDH) com o objetivo de mobilizar crian\u00e7as e pr\u00e9-adolescentes a refletir sobre a import\u00e2ncia dos direitos humanos.<\/p>\n<p>As crian\u00e7as foram convidadas a produzir obras com base em um dos tr\u00eas temas: um direito humano que queira defender fortemente; uma pessoa que admire por seus esfor\u00e7os na defesa e na promo\u00e7\u00e3o dos direitos humanos; como defender os direitos humanos de sua pr\u00f3pria maneira.<\/p>\n<p>O resultado foi divulgado em 10 de dezembro, Dia dos Direitos Humanos.<\/p>\n","protected":false},"excerpt":{"rendered":"<p>O talento do pequeno Antonio Vieira Marques Tavares, o Tonico, de 9 anos, de Mococa (SP), foi reconhecido mundialmente por meio de uma men\u00e7\u00e3o honrosa&hellip; <\/p>\n","protected":false},"author":1,"featured_media":78559,"comment_status":"closed","ping_status":"closed","sticky":false,"template":"","format":"standard","meta":{"sfsi_plus_gutenberg_text_before_share":"","sfsi_plus_gutenberg_show_text_before_share":"","sfsi_plus_gutenberg_icon_type":"","sfsi_plus_gutenberg_icon_alignemt":"","sfsi_plus_gutenburg_max_per_row":"","footnotes":""},"categories":[14],"tags":[],"class_list":["post-78558","post","type-post","status-publish","format-standard","has-post-thumbnail","hentry","category-educacao"],"_links":{"self":[{"href":"https:\/\/www.caririemacao.com\/1\/wp-json\/wp\/v2\/posts\/78558","targetHints":{"allow":["GET"]}}],"collection":[{"href":"https:\/\/www.caririemacao.com\/1\/wp-json\/wp\/v2\/posts"}],"about":[{"href":"https:\/\/www.caririemacao.com\/1\/wp-json\/wp\/v2\/types\/post"}],"author":[{"embeddable":true,"href":"https:\/\/www.caririemacao.com\/1\/wp-json\/wp\/v2\/users\/1"}],"replies":[{"embeddable":true,"href":"https:\/\/www.caririemacao.com\/1\/wp-json\/wp\/v2\/comments?post=78558"}],"version-history":[{"count":1,"href":"https:\/\/www.caririemacao.com\/1\/wp-json\/wp\/v2\/posts\/78558\/revisions"}],"predecessor-version":[{"id":78560,"href":"https:\/\/www.caririemacao.com\/1\/wp-json\/wp\/v2\/posts\/78558\/revisions\/78560"}],"wp:featuredmedia":[{"embeddable":true,"href":"https:\/\/www.caririemacao.com\/1\/wp-json\/wp\/v2\/media\/78559"}],"wp:attachment":[{"href":"https:\/\/www.caririemacao.com\/1\/wp-json\/wp\/v2\/media?parent=78558"}],"wp:term":[{"taxonomy":"category","embeddable":true,"href":"https:\/\/www.caririemacao.com\/1\/wp-json\/wp\/v2\/categories?post=78558"},{"taxonomy":"post_tag","embeddable":true,"href":"https:\/\/www.caririemacao.com\/1\/wp-json\/wp\/v2\/tags?post=78558"}],"curies":[{"name":"wp","href":"https:\/\/api.w.org\/{rel}","templated":true}]}}