{"id":78563,"date":"2018-12-28T11:36:09","date_gmt":"2018-12-28T14:36:09","guid":{"rendered":"http:\/\/www.caririemacao.com\/1\/?p=78563"},"modified":"2018-12-28T11:36:09","modified_gmt":"2018-12-28T14:36:09","slug":"video-mostra-jovem-sendo-esfaqueado-pelo-ex-cunhado-em-cacimba-de-dentro","status":"publish","type":"post","link":"https:\/\/www.caririemacao.com\/1\/2018\/12\/28\/video-mostra-jovem-sendo-esfaqueado-pelo-ex-cunhado-em-cacimba-de-dentro\/","title":{"rendered":"V\u00eddeo mostra jovem sendo esfaqueado pelo ex-cunhado em Cacimba de Dentro"},"content":{"rendered":"<p>Um v\u00eddeo mostra o momento exato em que um jovem \u00e9 esfaqueado pelo ex-cunhado no munic\u00edpio de Cacimba de Dentro. O homic\u00eddio aconteceu na \u00faltima ter\u00e7a-feira (25), noite de Natal.<\/p>\n<div class=\"video-container\">\n<div class=\"videoContainer\"><iframe data-src=\"https:\/\/www.youtube.com\/embed\/dR_PDj1STrA\" width=\"500\" height=\"281\" frameborder=\"0\" allowfullscreen=\"allowfullscreen\" data-mce-fragment=\"1\" src=\"data:image\/svg+xml;base64,PHN2ZyB3aWR0aD0iMSIgaGVpZ2h0PSIxIiB4bWxucz0iaHR0cDovL3d3dy53My5vcmcvMjAwMC9zdmciPjwvc3ZnPg==\" class=\"lazyload\" data-load-mode=\"1\"><\/iframe><\/div>\n<\/div>\n<p>Janilson, de 22 anos, pilotava uma moto e levava a namorada na garupa, quando foi abordado pelo ex-cunhado, identificado como Wellington, que estava em outra moto. As imagens mostram Wellington descendo da moto e desferindo o golpe de faca.<\/p>\n<p>A v\u00edtima chegou a ser socorrida, mas n\u00e3o resistiu ao ferimento e faleceu.<\/p>\n<p>&nbsp;<\/p>\n<p>ClickPB<\/p>\n","protected":false},"excerpt":{"rendered":"<p>Um v\u00eddeo mostra o momento exato em que um jovem \u00e9 esfaqueado pelo ex-cunhado no munic\u00edpio de Cacimba de Dentro. O homic\u00eddio aconteceu na \u00faltima&hellip; <\/p>\n","protected":false},"author":1,"featured_media":78565,"comment_status":"closed","ping_status":"closed","sticky":false,"template":"","format":"standard","meta":{"sfsi_plus_gutenberg_text_before_share":"","sfsi_plus_gutenberg_show_text_before_share":"","sfsi_plus_gutenberg_icon_type":"","sfsi_plus_gutenberg_icon_alignemt":"","sfsi_plus_gutenburg_max_per_row":"","footnotes":""},"categories":[12],"tags":[],"class_list":["post-78563","post","type-post","status-publish","format-standard","has-post-thumbnail","hentry","category-policia"],"_links":{"self":[{"href":"https:\/\/www.caririemacao.com\/1\/wp-json\/wp\/v2\/posts\/78563","targetHints":{"allow":["GET"]}}],"collection":[{"href":"https:\/\/www.caririemacao.com\/1\/wp-json\/wp\/v2\/posts"}],"about":[{"href":"https:\/\/www.caririemacao.com\/1\/wp-json\/wp\/v2\/types\/post"}],"author":[{"embeddable":true,"href":"https:\/\/www.caririemacao.com\/1\/wp-json\/wp\/v2\/users\/1"}],"replies":[{"embeddable":true,"href":"https:\/\/www.caririemacao.com\/1\/wp-json\/wp\/v2\/comments?post=78563"}],"version-history":[{"count":1,"href":"https:\/\/www.caririemacao.com\/1\/wp-json\/wp\/v2\/posts\/78563\/revisions"}],"predecessor-version":[{"id":78566,"href":"https:\/\/www.caririemacao.com\/1\/wp-json\/wp\/v2\/posts\/78563\/revisions\/78566"}],"wp:featuredmedia":[{"embeddable":true,"href":"https:\/\/www.caririemacao.com\/1\/wp-json\/wp\/v2\/media\/78565"}],"wp:attachment":[{"href":"https:\/\/www.caririemacao.com\/1\/wp-json\/wp\/v2\/media?parent=78563"}],"wp:term":[{"taxonomy":"category","embeddable":true,"href":"https:\/\/www.caririemacao.com\/1\/wp-json\/wp\/v2\/categories?post=78563"},{"taxonomy":"post_tag","embeddable":true,"href":"https:\/\/www.caririemacao.com\/1\/wp-json\/wp\/v2\/tags?post=78563"}],"curies":[{"name":"wp","href":"https:\/\/api.w.org\/{rel}","templated":true}]}}