{"id":78582,"date":"2018-12-28T12:27:49","date_gmt":"2018-12-28T15:27:49","guid":{"rendered":"http:\/\/www.caririemacao.com\/1\/?p=78582"},"modified":"2018-12-28T12:52:31","modified_gmt":"2018-12-28T15:52:31","slug":"assistencia-social-de-caraubas-realiza-a-tradicional-noite-cultural","status":"publish","type":"post","link":"https:\/\/www.caririemacao.com\/1\/2018\/12\/28\/assistencia-social-de-caraubas-realiza-a-tradicional-noite-cultural\/","title":{"rendered":"Assist\u00eancia Social de Cara\u00fabas realiza a tradicional \u201cNoite Cultural\u201d"},"content":{"rendered":"<p>A Secretaria da Assist\u00eancia Social do munic\u00edpio de Cara\u00fabas realizou na noite desta quinta-feira, dia 27 de dezembro de 2018, mais uma edi\u00e7\u00e3o da j\u00e1 tradicional Noite Cultural com o objetivo de apresentar a sociedade caraubense os servi\u00e7os oferecidos pelo Sistema de Conviv\u00eancia e Fortalecimento de V\u00ednculos \u2013 SCFV durante todo o ano nas comunidades rural e urbana, dos projetos e programas vinculados a Assist\u00eancia Social. O tema do evento este ano foi as Riquezas Nordestinas.<\/p>\n<p><img fetchpriority=\"high\" decoding=\"async\" class=\"alignnone wp-image-78603 size-full\" src=\"http:\/\/www.caririemacao.com\/1\/wp-content\/uploads\/2018\/12\/DSC_4651.jpg\" alt=\"\" width=\"1000\" height=\"662\" srcset=\"https:\/\/www.caririemacao.com\/1\/wp-content\/uploads\/2018\/12\/DSC_4651.jpg 1000w, https:\/\/www.caririemacao.com\/1\/wp-content\/uploads\/2018\/12\/DSC_4651-300x199.jpg 300w, https:\/\/www.caririemacao.com\/1\/wp-content\/uploads\/2018\/12\/DSC_4651-768x508.jpg 768w\" sizes=\"(max-width: 1000px) 100vw, 1000px\" \/><\/p>\n<p>A secret\u00e1ria Fl\u00e1via Emanoella Quirino, da Assist\u00eancia Social, usou da palavra para agradecer a oportunidade de mais uma vez poder participar da realiza\u00e7\u00e3o das apresenta\u00e7\u00f5es das oficinas socioeducativas do SCFV. \u201cChegamos ao final de mais um ano e queremos agradecer pelo carinho e a contribui\u00e7\u00e3o de todos, neste momento em que as fam\u00edlias de Cara\u00fabas se re\u00fanem para assistirem aos espet\u00e1culos de mais uma edi\u00e7\u00e3o desse evento que j\u00e1 se consagrou no m\u00eas de dezembro no calend\u00e1rio tur\u00edstico do munic\u00edpio\u201d, afirmou a secret\u00e1ria.<\/p>\n<p><img decoding=\"async\" class=\"alignnone wp-image-78602 size-full lazyload\" data-src=\"http:\/\/www.caririemacao.com\/1\/wp-content\/uploads\/2018\/12\/DSC_4655.jpg\" alt=\"\" width=\"1000\" height=\"662\" data-srcset=\"https:\/\/www.caririemacao.com\/1\/wp-content\/uploads\/2018\/12\/DSC_4655.jpg 1000w, https:\/\/www.caririemacao.com\/1\/wp-content\/uploads\/2018\/12\/DSC_4655-300x199.jpg 300w, https:\/\/www.caririemacao.com\/1\/wp-content\/uploads\/2018\/12\/DSC_4655-768x508.jpg 768w\" data-sizes=\"(max-width: 1000px) 100vw, 1000px\" src=\"data:image\/svg+xml;base64,PHN2ZyB3aWR0aD0iMSIgaGVpZ2h0PSIxIiB4bWxucz0iaHR0cDovL3d3dy53My5vcmcvMjAwMC9zdmciPjwvc3ZnPg==\" style=\"--smush-placeholder-width: 1000px; --smush-placeholder-aspect-ratio: 1000\/662;\" \/><\/p>\n<p>O prefeito Silvano Dudu esteve acompanhado da vereadora e primeira dama, Cleoneide Assis (Neide), os vereadores Teinha, Tomaz e Fabinho, al\u00e9m dos secret\u00e1rios municipais da Assist\u00eancia Social, Fl\u00e1via Quirino, da Educa\u00e7\u00e3o professora Gracilene Aquino, da Agricultura Rone Feitoza, da Sa\u00fade Ra\u00edssa Suelen Fernandes, do Planejamento, Comunica\u00e7\u00e3o e Gest\u00e3o, jornalista Eduardo Belo, Silvio Fernandes das Finan\u00e7as, Milena Fernandes &#8211; do Turismo, Cultura, Desporto e Lazer, Renivaldo Neves do Transportes, al\u00e9m de representantes de outras entidades municipais e estaduais.<\/p>\n<p>O prefeito Silvano Dudu em sua sauda\u00e7\u00e3o falou das a\u00e7\u00f5es desenvolvidas da assist\u00eancia social. Encontramos a gest\u00e3o com muito sucateamento, instrumentos totalmente danificados, outros desaparecidos e crian\u00e7as, adolescentes e idosos prejudicados pela falta de acessibilidade a determinados servi\u00e7os. Hoje garantimos a continuidade destes programas e a oportunidade de participar de todas as atividades, garantindo a inclus\u00e3o social, afirmou e gestor m\u00e1ximo do munic\u00edpio.<\/p>\n<p><img decoding=\"async\" class=\"alignnone wp-image-78600 size-full lazyload\" data-src=\"http:\/\/www.caririemacao.com\/1\/wp-content\/uploads\/2018\/12\/DSC_4661.jpg\" alt=\"\" width=\"1000\" height=\"662\" data-srcset=\"https:\/\/www.caririemacao.com\/1\/wp-content\/uploads\/2018\/12\/DSC_4661.jpg 1000w, https:\/\/www.caririemacao.com\/1\/wp-content\/uploads\/2018\/12\/DSC_4661-300x199.jpg 300w, https:\/\/www.caririemacao.com\/1\/wp-content\/uploads\/2018\/12\/DSC_4661-768x508.jpg 768w\" data-sizes=\"(max-width: 1000px) 100vw, 1000px\" src=\"data:image\/svg+xml;base64,PHN2ZyB3aWR0aD0iMSIgaGVpZ2h0PSIxIiB4bWxucz0iaHR0cDovL3d3dy53My5vcmcvMjAwMC9zdmciPjwvc3ZnPg==\" style=\"--smush-placeholder-width: 1000px; --smush-placeholder-aspect-ratio: 1000\/662;\" \/><\/p>\n<p>O prefeito, mais uma vez, parabenizou a secret\u00e1ria da Assist\u00eancia Social, Fl\u00e1via Quirino, pela condu\u00e7\u00e3o dos destinos da Assist\u00eancia Social. A noite foi coroada de pleno \u00eaxito iniciando com a apresenta\u00e7\u00e3o da Oficina de acordeons, coordenada pelo professor Ezequiel Sostenes, depois foi a vez do Pastoril Comunit\u00e1rio ser apresentado pelo grupo de idosos da sede do munic\u00edpio. Ainda, na parte da dan\u00e7a o ritmo do Maracatu Rural contagiou os presentes com o grupo de idosos da comunidade rural da Passagem e sob a coordena\u00e7\u00e3o da oficineira Simoni Lima.<\/p>\n<p>A quarta apresenta\u00e7\u00e3o da Noite Cultural foi marcada pelo Reisado e coube ao grupo de idosos do Distrito de Barreiras fazer a apresenta\u00e7\u00e3o. J\u00e1 a fanfarra do SCFV apresentou uma homenagem ao AX\u00c9 com os usu\u00e1rios dos n\u00facleos do SCFV da sede, da comunidade do Anjiquinho e do Distrito de Barreiras, sob a reg\u00eancia do maestro Reginaldo Queiroz. A tradi\u00e7\u00e3o da dan\u00e7a do Boi do Maranh\u00e3o arrancou aplausos da plateia e foi apresentada pelas crian\u00e7as e adolescentes do n\u00facleo do SCFV da comunidade da Passagem e sob a coordena\u00e7\u00e3o da oficineira Lindailda Lima.<\/p>\n<p>Como n\u00e3o poderia deixar de acontecer a s\u00e9tima apresenta\u00e7\u00e3o da noite homenageou o ritmo de todos os nordestinos, o forr\u00f3. Crian\u00e7as e adolescentes das comunidades de Anjiquinho e do Distrito de Barreiras encantaram o p\u00fablico com encena\u00e7\u00e3o e muito ritmo. O NUCA \u2013 Nucleo de Cidadania dos Adolescentes trouxe o espet\u00e1culo do xaxado. As escaletas mais uma vez deram o tom da musicalidade e fizeram o p\u00fablico presente ao Clube Recreativo 5 de Maio delirar com as can\u00e7\u00f5es do forr\u00f3 nordestino.<\/p>\n<p>O canto tomou conta do cen\u00e1rio da Noite Cultural quando tr\u00eas gera\u00e7\u00f5es se uniram para fortalecer o respeito e admira\u00e7\u00e3o pelos ritmos e pelas pessoas. O ritmo do xote embalou o coral do n\u00facleo de Cara\u00fabas do SCFV. N\u00e3o podia deixar de falar do coco de roda apresentado pelo grupo de mulheres de Cara\u00fabas que animou ainda mais a noite com suas evolu\u00e7\u00f5es.<\/p>\n<p>Ap\u00f3s a apresenta\u00e7\u00e3o de todos os ritmos foi a vez do Jiu Jitsu realizar mais uma apresenta\u00e7\u00e3o em 2018. Crian\u00e7as, jovens e adolescentes realizaram uma demonstra\u00e7\u00e3o de todo trabalho realizado durante o ano com as diversas categorias. O grupo que \u00e9 coordenado pelo oficineiro Diasleno Cordeiro se apresentou ao ritmo do forr\u00f3.<\/p>\n<p>Para encerrar o evento com chave de ouro uma apresenta\u00e7\u00e3o surpresa com os jovens cantores l\u00edricos do Brasil, campe\u00f5es do Programa Raul Gil, do quadro \u201cQuem sabe canta\u201d, do SBT. Realizando uma turn\u00ea pelo Nordeste a dupla Vitor Delazeri e Juan Pablo deram o tom de alegria e encerramento da Noite Cultural. Foi um verdadeiro intercambio cultural poder participar e vivenciar esta noite em Cara\u00fabas, levaremos ao Rio Grande do Sul essa riqueza cultural que vimos aqui, afirmou Vitor Delazeri.<\/p>\n<p><img decoding=\"async\" class=\"alignnone size-medium wp-image-78586 lazyload\" data-src=\"http:\/\/www.caririemacao.com\/1\/wp-content\/uploads\/2018\/12\/DSC_5008-300x199.jpg\" alt=\"\" width=\"300\" height=\"199\" data-srcset=\"https:\/\/www.caririemacao.com\/1\/wp-content\/uploads\/2018\/12\/DSC_5008-300x199.jpg 300w, https:\/\/www.caririemacao.com\/1\/wp-content\/uploads\/2018\/12\/DSC_5008-768x508.jpg 768w, https:\/\/www.caririemacao.com\/1\/wp-content\/uploads\/2018\/12\/DSC_5008.jpg 1000w\" data-sizes=\"(max-width: 300px) 100vw, 300px\" src=\"data:image\/svg+xml;base64,PHN2ZyB3aWR0aD0iMSIgaGVpZ2h0PSIxIiB4bWxucz0iaHR0cDovL3d3dy53My5vcmcvMjAwMC9zdmciPjwvc3ZnPg==\" style=\"--smush-placeholder-width: 300px; --smush-placeholder-aspect-ratio: 300\/199;\" \/> <img decoding=\"async\" class=\"alignnone size-medium wp-image-78587 lazyload\" data-src=\"http:\/\/www.caririemacao.com\/1\/wp-content\/uploads\/2018\/12\/DSC_4956-300x199.jpg\" alt=\"\" width=\"300\" height=\"199\" data-srcset=\"https:\/\/www.caririemacao.com\/1\/wp-content\/uploads\/2018\/12\/DSC_4956-300x199.jpg 300w, https:\/\/www.caririemacao.com\/1\/wp-content\/uploads\/2018\/12\/DSC_4956-768x508.jpg 768w, https:\/\/www.caririemacao.com\/1\/wp-content\/uploads\/2018\/12\/DSC_4956.jpg 1000w\" data-sizes=\"(max-width: 300px) 100vw, 300px\" src=\"data:image\/svg+xml;base64,PHN2ZyB3aWR0aD0iMSIgaGVpZ2h0PSIxIiB4bWxucz0iaHR0cDovL3d3dy53My5vcmcvMjAwMC9zdmciPjwvc3ZnPg==\" style=\"--smush-placeholder-width: 300px; --smush-placeholder-aspect-ratio: 300\/199;\" \/> <img decoding=\"async\" class=\"alignnone size-medium wp-image-78588 lazyload\" data-src=\"http:\/\/www.caririemacao.com\/1\/wp-content\/uploads\/2018\/12\/DSC_4921-300x199.jpg\" alt=\"\" width=\"300\" height=\"199\" data-srcset=\"https:\/\/www.caririemacao.com\/1\/wp-content\/uploads\/2018\/12\/DSC_4921-300x199.jpg 300w, https:\/\/www.caririemacao.com\/1\/wp-content\/uploads\/2018\/12\/DSC_4921-768x508.jpg 768w, https:\/\/www.caririemacao.com\/1\/wp-content\/uploads\/2018\/12\/DSC_4921.jpg 1000w\" data-sizes=\"(max-width: 300px) 100vw, 300px\" src=\"data:image\/svg+xml;base64,PHN2ZyB3aWR0aD0iMSIgaGVpZ2h0PSIxIiB4bWxucz0iaHR0cDovL3d3dy53My5vcmcvMjAwMC9zdmciPjwvc3ZnPg==\" style=\"--smush-placeholder-width: 300px; --smush-placeholder-aspect-ratio: 300\/199;\" \/> <img decoding=\"async\" class=\"alignnone size-medium wp-image-78589 lazyload\" data-src=\"http:\/\/www.caririemacao.com\/1\/wp-content\/uploads\/2018\/12\/DSC_4873-300x199.jpg\" alt=\"\" width=\"300\" height=\"199\" data-srcset=\"https:\/\/www.caririemacao.com\/1\/wp-content\/uploads\/2018\/12\/DSC_4873-300x199.jpg 300w, https:\/\/www.caririemacao.com\/1\/wp-content\/uploads\/2018\/12\/DSC_4873-768x508.jpg 768w, https:\/\/www.caririemacao.com\/1\/wp-content\/uploads\/2018\/12\/DSC_4873.jpg 1000w\" data-sizes=\"(max-width: 300px) 100vw, 300px\" src=\"data:image\/svg+xml;base64,PHN2ZyB3aWR0aD0iMSIgaGVpZ2h0PSIxIiB4bWxucz0iaHR0cDovL3d3dy53My5vcmcvMjAwMC9zdmciPjwvc3ZnPg==\" style=\"--smush-placeholder-width: 300px; --smush-placeholder-aspect-ratio: 300\/199;\" \/> <img decoding=\"async\" class=\"alignnone size-medium wp-image-78590 lazyload\" data-src=\"http:\/\/www.caririemacao.com\/1\/wp-content\/uploads\/2018\/12\/DSC_4849-300x199.jpg\" alt=\"\" width=\"300\" height=\"199\" data-srcset=\"https:\/\/www.caririemacao.com\/1\/wp-content\/uploads\/2018\/12\/DSC_4849-300x199.jpg 300w, https:\/\/www.caririemacao.com\/1\/wp-content\/uploads\/2018\/12\/DSC_4849-768x508.jpg 768w, https:\/\/www.caririemacao.com\/1\/wp-content\/uploads\/2018\/12\/DSC_4849.jpg 1000w\" data-sizes=\"(max-width: 300px) 100vw, 300px\" src=\"data:image\/svg+xml;base64,PHN2ZyB3aWR0aD0iMSIgaGVpZ2h0PSIxIiB4bWxucz0iaHR0cDovL3d3dy53My5vcmcvMjAwMC9zdmciPjwvc3ZnPg==\" style=\"--smush-placeholder-width: 300px; --smush-placeholder-aspect-ratio: 300\/199;\" \/> \u00a0<img decoding=\"async\" class=\"alignnone size-medium wp-image-78592 lazyload\" data-src=\"http:\/\/www.caririemacao.com\/1\/wp-content\/uploads\/2018\/12\/DSC_4795-300x199.jpg\" alt=\"\" width=\"300\" height=\"199\" data-srcset=\"https:\/\/www.caririemacao.com\/1\/wp-content\/uploads\/2018\/12\/DSC_4795-300x199.jpg 300w, https:\/\/www.caririemacao.com\/1\/wp-content\/uploads\/2018\/12\/DSC_4795-768x508.jpg 768w, https:\/\/www.caririemacao.com\/1\/wp-content\/uploads\/2018\/12\/DSC_4795.jpg 1000w\" data-sizes=\"(max-width: 300px) 100vw, 300px\" src=\"data:image\/svg+xml;base64,PHN2ZyB3aWR0aD0iMSIgaGVpZ2h0PSIxIiB4bWxucz0iaHR0cDovL3d3dy53My5vcmcvMjAwMC9zdmciPjwvc3ZnPg==\" style=\"--smush-placeholder-width: 300px; --smush-placeholder-aspect-ratio: 300\/199;\" \/> <img decoding=\"async\" class=\"alignnone size-medium wp-image-78593 lazyload\" data-src=\"http:\/\/www.caririemacao.com\/1\/wp-content\/uploads\/2018\/12\/DSC_4782-300x199.jpg\" alt=\"\" width=\"300\" height=\"199\" data-srcset=\"https:\/\/www.caririemacao.com\/1\/wp-content\/uploads\/2018\/12\/DSC_4782-300x199.jpg 300w, https:\/\/www.caririemacao.com\/1\/wp-content\/uploads\/2018\/12\/DSC_4782-768x508.jpg 768w, https:\/\/www.caririemacao.com\/1\/wp-content\/uploads\/2018\/12\/DSC_4782.jpg 1000w\" data-sizes=\"(max-width: 300px) 100vw, 300px\" src=\"data:image\/svg+xml;base64,PHN2ZyB3aWR0aD0iMSIgaGVpZ2h0PSIxIiB4bWxucz0iaHR0cDovL3d3dy53My5vcmcvMjAwMC9zdmciPjwvc3ZnPg==\" style=\"--smush-placeholder-width: 300px; --smush-placeholder-aspect-ratio: 300\/199;\" \/> <img decoding=\"async\" class=\"alignnone size-medium wp-image-78594 lazyload\" data-src=\"http:\/\/www.caririemacao.com\/1\/wp-content\/uploads\/2018\/12\/DSC_4781-300x199.jpg\" alt=\"\" width=\"300\" height=\"199\" data-srcset=\"https:\/\/www.caririemacao.com\/1\/wp-content\/uploads\/2018\/12\/DSC_4781-300x199.jpg 300w, https:\/\/www.caririemacao.com\/1\/wp-content\/uploads\/2018\/12\/DSC_4781-768x508.jpg 768w, https:\/\/www.caririemacao.com\/1\/wp-content\/uploads\/2018\/12\/DSC_4781.jpg 1000w\" data-sizes=\"(max-width: 300px) 100vw, 300px\" src=\"data:image\/svg+xml;base64,PHN2ZyB3aWR0aD0iMSIgaGVpZ2h0PSIxIiB4bWxucz0iaHR0cDovL3d3dy53My5vcmcvMjAwMC9zdmciPjwvc3ZnPg==\" style=\"--smush-placeholder-width: 300px; --smush-placeholder-aspect-ratio: 300\/199;\" \/> <img decoding=\"async\" class=\"alignnone size-medium wp-image-78597 lazyload\" data-src=\"http:\/\/www.caririemacao.com\/1\/wp-content\/uploads\/2018\/12\/DSC_4752-300x199.jpg\" alt=\"\" width=\"300\" height=\"199\" data-srcset=\"https:\/\/www.caririemacao.com\/1\/wp-content\/uploads\/2018\/12\/DSC_4752-300x199.jpg 300w, https:\/\/www.caririemacao.com\/1\/wp-content\/uploads\/2018\/12\/DSC_4752-768x508.jpg 768w, https:\/\/www.caririemacao.com\/1\/wp-content\/uploads\/2018\/12\/DSC_4752.jpg 1000w\" data-sizes=\"(max-width: 300px) 100vw, 300px\" src=\"data:image\/svg+xml;base64,PHN2ZyB3aWR0aD0iMSIgaGVpZ2h0PSIxIiB4bWxucz0iaHR0cDovL3d3dy53My5vcmcvMjAwMC9zdmciPjwvc3ZnPg==\" style=\"--smush-placeholder-width: 300px; --smush-placeholder-aspect-ratio: 300\/199;\" \/> \u00a0<img decoding=\"async\" class=\"alignnone size-medium wp-image-78599 lazyload\" data-src=\"http:\/\/www.caririemacao.com\/1\/wp-content\/uploads\/2018\/12\/DSC_4675-300x199.jpg\" alt=\"\" width=\"300\" height=\"199\" data-srcset=\"https:\/\/www.caririemacao.com\/1\/wp-content\/uploads\/2018\/12\/DSC_4675-300x199.jpg 300w, https:\/\/www.caririemacao.com\/1\/wp-content\/uploads\/2018\/12\/DSC_4675-768x508.jpg 768w, https:\/\/www.caririemacao.com\/1\/wp-content\/uploads\/2018\/12\/DSC_4675.jpg 1000w\" data-sizes=\"(max-width: 300px) 100vw, 300px\" src=\"data:image\/svg+xml;base64,PHN2ZyB3aWR0aD0iMSIgaGVpZ2h0PSIxIiB4bWxucz0iaHR0cDovL3d3dy53My5vcmcvMjAwMC9zdmciPjwvc3ZnPg==\" style=\"--smush-placeholder-width: 300px; --smush-placeholder-aspect-ratio: 300\/199;\" \/> \u00a0\u00a0\u00a0<img decoding=\"async\" class=\"alignnone size-medium wp-image-78604 lazyload\" data-src=\"http:\/\/www.caririemacao.com\/1\/wp-content\/uploads\/2018\/12\/DSC_0100-300x200.jpg\" alt=\"\" width=\"300\" height=\"200\" data-srcset=\"https:\/\/www.caririemacao.com\/1\/wp-content\/uploads\/2018\/12\/DSC_0100-300x200.jpg 300w, https:\/\/www.caririemacao.com\/1\/wp-content\/uploads\/2018\/12\/DSC_0100-768x512.jpg 768w, https:\/\/www.caririemacao.com\/1\/wp-content\/uploads\/2018\/12\/DSC_0100.jpg 1000w\" data-sizes=\"(max-width: 300px) 100vw, 300px\" src=\"data:image\/svg+xml;base64,PHN2ZyB3aWR0aD0iMSIgaGVpZ2h0PSIxIiB4bWxucz0iaHR0cDovL3d3dy53My5vcmcvMjAwMC9zdmciPjwvc3ZnPg==\" style=\"--smush-placeholder-width: 300px; --smush-placeholder-aspect-ratio: 300\/200;\" \/>\u00a0<img decoding=\"async\" class=\"alignnone size-medium wp-image-78598 lazyload\" data-src=\"http:\/\/www.caririemacao.com\/1\/wp-content\/uploads\/2018\/12\/DSC_4682-300x199.jpg\" alt=\"\" width=\"300\" height=\"199\" data-srcset=\"https:\/\/www.caririemacao.com\/1\/wp-content\/uploads\/2018\/12\/DSC_4682-300x199.jpg 300w, https:\/\/www.caririemacao.com\/1\/wp-content\/uploads\/2018\/12\/DSC_4682-768x508.jpg 768w, https:\/\/www.caririemacao.com\/1\/wp-content\/uploads\/2018\/12\/DSC_4682.jpg 1000w\" data-sizes=\"(max-width: 300px) 100vw, 300px\" src=\"data:image\/svg+xml;base64,PHN2ZyB3aWR0aD0iMSIgaGVpZ2h0PSIxIiB4bWxucz0iaHR0cDovL3d3dy53My5vcmcvMjAwMC9zdmciPjwvc3ZnPg==\" style=\"--smush-placeholder-width: 300px; --smush-placeholder-aspect-ratio: 300\/199;\" \/><\/p>\n<p><a href=\"https:\/\/www.facebook.com\/pg\/CaririEmAcao\/photos\/?tab=album&amp;album_id=1441513755984643\"><strong>CLIQUE AQUI E VEJAS\u00a0TODAS AS FOTOS<\/strong><\/a><\/p>\n<p><div class=\"ose- ose-uid-c2627939ad8522cf000a18da0ebae164 ose-embedpress-responsive\" style=\"width:600px; height:550px; max-height:550px; max-width:100%; display:inline-block;\" data-embed-type=\"Facebook\"><iframe allowFullScreen=\"true\" class=\"embera-facebook-iframe-88e0f lazyload\" data-src=\"https:\/\/www.facebook.com\/plugins\/post.php?href=https%3A%2F%2Fwww.facebook.com%2Fmedia%2Fset%2F%3Fset%3Da.1441513755984643%26%23038%3Btype%3D1%26%23038%3Bl%3D1018b9cd0f&width=600&height=550&show_text=true\" width=\"600\" height=\"550\" style=\"border:none;overflow:hidden\" scrolling=\"no\" frameborder=\"0\" allowTransparency=\"true\" src=\"data:image\/svg+xml;base64,PHN2ZyB3aWR0aD0iMSIgaGVpZ2h0PSIxIiB4bWxucz0iaHR0cDovL3d3dy53My5vcmcvMjAwMC9zdmciPjwvc3ZnPg==\" data-load-mode=\"1\"><\/iframe><\/div><\/p>\n<p>SEPLACOM<\/p>\n<p>Fotos: Cariri em A\u00e7\u00e3o<\/p>\n","protected":false},"excerpt":{"rendered":"<p>A Secretaria da Assist\u00eancia Social do munic\u00edpio de Cara\u00fabas realizou na noite desta quinta-feira, dia 27 de dezembro de 2018, mais uma edi\u00e7\u00e3o da j\u00e1&hellip; <\/p>\n","protected":false},"author":2,"featured_media":78583,"comment_status":"closed","ping_status":"closed","sticky":false,"template":"","format":"standard","meta":{"sfsi_plus_gutenberg_text_before_share":"","sfsi_plus_gutenberg_show_text_before_share":"","sfsi_plus_gutenberg_icon_type":"","sfsi_plus_gutenberg_icon_alignemt":"","sfsi_plus_gutenburg_max_per_row":"","footnotes":""},"categories":[6],"tags":[],"class_list":["post-78582","post","type-post","status-publish","format-standard","has-post-thumbnail","hentry","category-cidades"],"_links":{"self":[{"href":"https:\/\/www.caririemacao.com\/1\/wp-json\/wp\/v2\/posts\/78582","targetHints":{"allow":["GET"]}}],"collection":[{"href":"https:\/\/www.caririemacao.com\/1\/wp-json\/wp\/v2\/posts"}],"about":[{"href":"https:\/\/www.caririemacao.com\/1\/wp-json\/wp\/v2\/types\/post"}],"author":[{"embeddable":true,"href":"https:\/\/www.caririemacao.com\/1\/wp-json\/wp\/v2\/users\/2"}],"replies":[{"embeddable":true,"href":"https:\/\/www.caririemacao.com\/1\/wp-json\/wp\/v2\/comments?post=78582"}],"version-history":[{"count":3,"href":"https:\/\/www.caririemacao.com\/1\/wp-json\/wp\/v2\/posts\/78582\/revisions"}],"predecessor-version":[{"id":78607,"href":"https:\/\/www.caririemacao.com\/1\/wp-json\/wp\/v2\/posts\/78582\/revisions\/78607"}],"wp:featuredmedia":[{"embeddable":true,"href":"https:\/\/www.caririemacao.com\/1\/wp-json\/wp\/v2\/media\/78583"}],"wp:attachment":[{"href":"https:\/\/www.caririemacao.com\/1\/wp-json\/wp\/v2\/media?parent=78582"}],"wp:term":[{"taxonomy":"category","embeddable":true,"href":"https:\/\/www.caririemacao.com\/1\/wp-json\/wp\/v2\/categories?post=78582"},{"taxonomy":"post_tag","embeddable":true,"href":"https:\/\/www.caririemacao.com\/1\/wp-json\/wp\/v2\/tags?post=78582"}],"curies":[{"name":"wp","href":"https:\/\/api.w.org\/{rel}","templated":true}]}}