{"id":78596,"date":"2018-12-28T12:46:20","date_gmt":"2018-12-28T15:46:20","guid":{"rendered":"http:\/\/www.caririemacao.com\/1\/?p=78596"},"modified":"2018-12-28T12:49:41","modified_gmt":"2018-12-28T15:49:41","slug":"policia-prende-mais-um-suspeito-envolvido-com-a-morte-de-vereador-em-camalau","status":"publish","type":"post","link":"https:\/\/www.caririemacao.com\/1\/2018\/12\/28\/policia-prende-mais-um-suspeito-envolvido-com-a-morte-de-vereador-em-camalau\/","title":{"rendered":"Pol\u00edcia prende mais um suspeito envolvido com a morte de vereador em Camala\u00fa"},"content":{"rendered":"<div class=\"post_header\">\n<div class=\"post_info_cat\"><\/div>\n<\/div>\n<div class=\"post_header single\">\n<p><img fetchpriority=\"high\" decoding=\"async\" class=\"alignleft size-medium wp-image-22198\" src=\"http:\/\/www.vitrinedocariri.com.br\/wp-content\/uploads\/2018\/09\/adelmo-300x225.jpeg\" alt=\"\" width=\"300\" height=\"225\" \/>A Pol\u00edcia Civil de Monteiro prendeu na tarde desta quinta-feira (27), o segundo suspeito de envolvimento com a morte do vereador de Camala\u00fa, Adelmo Teobaldo de Farias, que foi assassinado no dia 8 de setembro deste ano.<span class=\"Apple-converted-space\">\u00a0<\/span><\/p>\n<p>O primeiro suspeito foi preso na manh\u00e3 da quinta-feira, na cidade de Toritama, em Pernambuco. J\u00e1 o segundo suspeito, de 31 anos, foi preso na cidade de Cust\u00f3dia, tamb\u00e9m no Pernambuco.<\/p>\n<p>A pris\u00e3o foi realizada pelo deletado Dr. Gilson Duarte e os policiais Maur\u00edcio e Thyago Wagner, com apoio da Pol\u00edcia Militar de Pernambuco.<span class=\"Apple-converted-space\">\u00a0<\/span><\/p>\n<p>Ap\u00f3s ser qualificado e interrogado, o suspeito foi recolhido na Cadeia P\u00fablica de Monteiro, ficando \u00e0 disposi\u00e7\u00e3o da Justi\u00e7a.<\/p>\n<\/div>\n","protected":false},"excerpt":{"rendered":"<p>A Pol\u00edcia Civil de Monteiro prendeu na tarde desta quinta-feira (27), o segundo suspeito de envolvimento com a morte do vereador de Camala\u00fa, Adelmo Teobaldo&hellip; <\/p>\n","protected":false},"author":1,"featured_media":40263,"comment_status":"closed","ping_status":"closed","sticky":false,"template":"","format":"standard","meta":{"sfsi_plus_gutenberg_text_before_share":"","sfsi_plus_gutenberg_show_text_before_share":"","sfsi_plus_gutenberg_icon_type":"","sfsi_plus_gutenberg_icon_alignemt":"","sfsi_plus_gutenburg_max_per_row":"","footnotes":""},"categories":[50,12],"tags":[],"class_list":["post-78596","post","type-post","status-publish","format-standard","has-post-thumbnail","hentry","category-destaque","category-policia"],"_links":{"self":[{"href":"https:\/\/www.caririemacao.com\/1\/wp-json\/wp\/v2\/posts\/78596","targetHints":{"allow":["GET"]}}],"collection":[{"href":"https:\/\/www.caririemacao.com\/1\/wp-json\/wp\/v2\/posts"}],"about":[{"href":"https:\/\/www.caririemacao.com\/1\/wp-json\/wp\/v2\/types\/post"}],"author":[{"embeddable":true,"href":"https:\/\/www.caririemacao.com\/1\/wp-json\/wp\/v2\/users\/1"}],"replies":[{"embeddable":true,"href":"https:\/\/www.caririemacao.com\/1\/wp-json\/wp\/v2\/comments?post=78596"}],"version-history":[{"count":3,"href":"https:\/\/www.caririemacao.com\/1\/wp-json\/wp\/v2\/posts\/78596\/revisions"}],"predecessor-version":[{"id":78606,"href":"https:\/\/www.caririemacao.com\/1\/wp-json\/wp\/v2\/posts\/78596\/revisions\/78606"}],"wp:featuredmedia":[{"embeddable":true,"href":"https:\/\/www.caririemacao.com\/1\/wp-json\/wp\/v2\/media\/40263"}],"wp:attachment":[{"href":"https:\/\/www.caririemacao.com\/1\/wp-json\/wp\/v2\/media?parent=78596"}],"wp:term":[{"taxonomy":"category","embeddable":true,"href":"https:\/\/www.caririemacao.com\/1\/wp-json\/wp\/v2\/categories?post=78596"},{"taxonomy":"post_tag","embeddable":true,"href":"https:\/\/www.caririemacao.com\/1\/wp-json\/wp\/v2\/tags?post=78596"}],"curies":[{"name":"wp","href":"https:\/\/api.w.org\/{rel}","templated":true}]}}