{"id":78613,"date":"2018-12-28T13:14:34","date_gmt":"2018-12-28T16:14:34","guid":{"rendered":"http:\/\/www.caririemacao.com\/1\/?p=78613"},"modified":"2018-12-28T13:14:34","modified_gmt":"2018-12-28T16:14:34","slug":"previa-de-reivellon-sera-realizada-em-sume-nesta-sexta-e-sabado","status":"publish","type":"post","link":"https:\/\/www.caririemacao.com\/1\/2018\/12\/28\/previa-de-reivellon-sera-realizada-em-sume-nesta-sexta-e-sabado\/","title":{"rendered":"Pr\u00e9via de R\u00e9ivellon ser\u00e1 realizada em Sum\u00e9 nesta sexta e s\u00e1bado"},"content":{"rendered":"<p>A IOA Produ\u00e7\u00f5es promove nesta sexta-feira (28) e s\u00e1bado (29), na cidade de Sum\u00e9, a maior pr\u00e9via de R\u00e9veillon do Cariri Paraibano.<\/p>\n<p>Ser\u00e3o dois dias de muita anima\u00e7\u00e3o e gente bonita. Na Sexta-feira (28), Bedeu Quirino e Forr\u00f3 Kent. E no s\u00e1bado (29), Adu\u00edlio Mendes e Forr\u00f3 do Garotinho.<\/p>\n<p>Lembrando que se comprar o ingresso do s\u00e1bado, a entrada desta sexta-feira (28) \u00e9 de gra\u00e7a.<\/p>\n","protected":false},"excerpt":{"rendered":"<p>A IOA Produ\u00e7\u00f5es promove nesta sexta-feira (28) e s\u00e1bado (29), na cidade de Sum\u00e9, a maior pr\u00e9via de R\u00e9veillon do Cariri Paraibano. Ser\u00e3o dois dias&hellip; <\/p>\n","protected":false},"author":2,"featured_media":78610,"comment_status":"closed","ping_status":"closed","sticky":false,"template":"","format":"standard","meta":{"sfsi_plus_gutenberg_text_before_share":"","sfsi_plus_gutenberg_show_text_before_share":"","sfsi_plus_gutenberg_icon_type":"","sfsi_plus_gutenberg_icon_alignemt":"","sfsi_plus_gutenburg_max_per_row":"","footnotes":""},"categories":[2],"tags":[],"class_list":["post-78613","post","type-post","status-publish","format-standard","has-post-thumbnail","hentry","category-geral"],"_links":{"self":[{"href":"https:\/\/www.caririemacao.com\/1\/wp-json\/wp\/v2\/posts\/78613","targetHints":{"allow":["GET"]}}],"collection":[{"href":"https:\/\/www.caririemacao.com\/1\/wp-json\/wp\/v2\/posts"}],"about":[{"href":"https:\/\/www.caririemacao.com\/1\/wp-json\/wp\/v2\/types\/post"}],"author":[{"embeddable":true,"href":"https:\/\/www.caririemacao.com\/1\/wp-json\/wp\/v2\/users\/2"}],"replies":[{"embeddable":true,"href":"https:\/\/www.caririemacao.com\/1\/wp-json\/wp\/v2\/comments?post=78613"}],"version-history":[{"count":1,"href":"https:\/\/www.caririemacao.com\/1\/wp-json\/wp\/v2\/posts\/78613\/revisions"}],"predecessor-version":[{"id":78614,"href":"https:\/\/www.caririemacao.com\/1\/wp-json\/wp\/v2\/posts\/78613\/revisions\/78614"}],"wp:featuredmedia":[{"embeddable":true,"href":"https:\/\/www.caririemacao.com\/1\/wp-json\/wp\/v2\/media\/78610"}],"wp:attachment":[{"href":"https:\/\/www.caririemacao.com\/1\/wp-json\/wp\/v2\/media?parent=78613"}],"wp:term":[{"taxonomy":"category","embeddable":true,"href":"https:\/\/www.caririemacao.com\/1\/wp-json\/wp\/v2\/categories?post=78613"},{"taxonomy":"post_tag","embeddable":true,"href":"https:\/\/www.caririemacao.com\/1\/wp-json\/wp\/v2\/tags?post=78613"}],"curies":[{"name":"wp","href":"https:\/\/api.w.org\/{rel}","templated":true}]}}