{"id":78616,"date":"2018-12-28T12:18:00","date_gmt":"2018-12-28T15:18:00","guid":{"rendered":"http:\/\/www.caririemacao.com\/1\/?p=78616"},"modified":"2018-12-28T13:25:53","modified_gmt":"2018-12-28T16:25:53","slug":"a-prefeitura-municipal-de-amparo-fez-o-anuncio-oficialmente-nesta-sexta-feira-28-das-atracoes-que-abrilhantarao-a-festa-do-padroeiro-sao-sebastiao-em-2019","status":"publish","type":"post","link":"https:\/\/www.caririemacao.com\/1\/2018\/12\/28\/a-prefeitura-municipal-de-amparo-fez-o-anuncio-oficialmente-nesta-sexta-feira-28-das-atracoes-que-abrilhantarao-a-festa-do-padroeiro-sao-sebastiao-em-2019\/","title":{"rendered":"A Prefeitura Municipal de Amparo fez o anuncio oficialmente nesta sexta-feira (28) das atra\u00e7\u00f5es que abrilhantar\u00e3o a Festa do Padroeiro S\u00e3o Sebasti\u00e3o em 2019"},"content":{"rendered":"<p>A Prefeitura Municipal de Amparo fez o anuncio oficialmente nesta sexta-feira (28) das atra\u00e7\u00f5es que abrilhantar\u00e3o a Festa do Padroeiro S\u00e3o Sebasti\u00e3o em 2019, o anuncio aconteceu dentro do programa constitucional da Prefeitura em uma emissora de r\u00e1dio. Os shows ser\u00e3o realizados dias 18 e 19 de Janeiro. Confiram as atra\u00e7\u00f5es:<\/p>\n<p>Sexta-feira (18):<\/p>\n<p>Forr\u00f3 Gente Boa;<br \/>\nCavalo de Pau;<br \/>\nGuilherme Topado.<\/p>\n<p>S\u00e1bado (19):<br \/>\nForr\u00f3 Karkar\u00e1;<br \/>\nBatista Lima;<br \/>\nAlysson e Forr\u00f3 Levado.<\/p>\n<p>Esse evento \u00e9 uma realiza\u00e7\u00e3o da Prefeitura Municipal de amparo, Gest\u00e3o Inovando para Crescer.<\/p>\n<p>Amparo Ligado<\/p>\n","protected":false},"excerpt":{"rendered":"<p>A Prefeitura Municipal de Amparo fez o anuncio oficialmente nesta sexta-feira (28) das atra\u00e7\u00f5es que abrilhantar\u00e3o a Festa do Padroeiro S\u00e3o Sebasti\u00e3o em 2019, o&hellip; <\/p>\n","protected":false},"author":1,"featured_media":78619,"comment_status":"closed","ping_status":"closed","sticky":false,"template":"","format":"standard","meta":{"sfsi_plus_gutenberg_text_before_share":"","sfsi_plus_gutenberg_show_text_before_share":"","sfsi_plus_gutenberg_icon_type":"","sfsi_plus_gutenberg_icon_alignemt":"","sfsi_plus_gutenburg_max_per_row":"","footnotes":""},"categories":[6],"tags":[],"class_list":["post-78616","post","type-post","status-publish","format-standard","has-post-thumbnail","hentry","category-cidades"],"_links":{"self":[{"href":"https:\/\/www.caririemacao.com\/1\/wp-json\/wp\/v2\/posts\/78616","targetHints":{"allow":["GET"]}}],"collection":[{"href":"https:\/\/www.caririemacao.com\/1\/wp-json\/wp\/v2\/posts"}],"about":[{"href":"https:\/\/www.caririemacao.com\/1\/wp-json\/wp\/v2\/types\/post"}],"author":[{"embeddable":true,"href":"https:\/\/www.caririemacao.com\/1\/wp-json\/wp\/v2\/users\/1"}],"replies":[{"embeddable":true,"href":"https:\/\/www.caririemacao.com\/1\/wp-json\/wp\/v2\/comments?post=78616"}],"version-history":[{"count":1,"href":"https:\/\/www.caririemacao.com\/1\/wp-json\/wp\/v2\/posts\/78616\/revisions"}],"predecessor-version":[{"id":78620,"href":"https:\/\/www.caririemacao.com\/1\/wp-json\/wp\/v2\/posts\/78616\/revisions\/78620"}],"wp:featuredmedia":[{"embeddable":true,"href":"https:\/\/www.caririemacao.com\/1\/wp-json\/wp\/v2\/media\/78619"}],"wp:attachment":[{"href":"https:\/\/www.caririemacao.com\/1\/wp-json\/wp\/v2\/media?parent=78616"}],"wp:term":[{"taxonomy":"category","embeddable":true,"href":"https:\/\/www.caririemacao.com\/1\/wp-json\/wp\/v2\/categories?post=78616"},{"taxonomy":"post_tag","embeddable":true,"href":"https:\/\/www.caririemacao.com\/1\/wp-json\/wp\/v2\/tags?post=78616"}],"curies":[{"name":"wp","href":"https:\/\/api.w.org\/{rel}","templated":true}]}}