{"id":78618,"date":"2018-12-28T13:21:21","date_gmt":"2018-12-28T16:21:21","guid":{"rendered":"http:\/\/www.caririemacao.com\/1\/?p=78618"},"modified":"2018-12-28T14:16:07","modified_gmt":"2018-12-28T17:16:07","slug":"exclusivo-prefeito-inacio-divulga-atracoes-da-festa-de-sao-sebastiao","status":"publish","type":"post","link":"https:\/\/www.caririemacao.com\/1\/2018\/12\/28\/exclusivo-prefeito-inacio-divulga-atracoes-da-festa-de-sao-sebastiao\/","title":{"rendered":"EXCLUSIVO: Prefeito In\u00e1cio divulga atra\u00e7\u00f5es da Festa de S\u00e3o Sebasti\u00e3o"},"content":{"rendered":"<p>O prefeito de Amparo, In\u00e1cio N\u00f3brega, anunciou\u00a0 nesta sexta-feira (28), as atra\u00e7\u00f5es da programa\u00e7\u00e3o da Festa do Padroeiro S\u00e3o Sebasti\u00e3o do pr\u00f3ximo ano. O an\u00fancio foi feito durante o programa da Prefeitura na 95 FM.<\/p>\n<p>De acordo com o prefeito In\u00e1cio, os shows ser\u00e3o realizados nos dias 18 e 19 de Janeiro. Confiram as atra\u00e7\u00f5es:<\/p>\n<p>Sexta-feira (18):<\/p>\n<p>Forr\u00f3 Gente Boa;<br \/>\nCavalo de Pau;<br \/>\nGuilherme Topado.<\/p>\n<p>S\u00e1bado (19):<br \/>\nForr\u00f3 Karkar\u00e1;<br \/>\nBatista Lima;<br \/>\nAlysson e Forr\u00f3 Levado.<\/p>\n<p>Esse evento \u00e9 uma realiza\u00e7\u00e3o da Prefeitura Municipal de amparo, Gest\u00e3o Inovando para Crescer.<\/p>\n<p>Amparo Ligado<\/p>\n","protected":false},"excerpt":{"rendered":"<p>O prefeito de Amparo, In\u00e1cio N\u00f3brega, anunciou\u00a0 nesta sexta-feira (28), as atra\u00e7\u00f5es da programa\u00e7\u00e3o da Festa do Padroeiro S\u00e3o Sebasti\u00e3o do pr\u00f3ximo ano. O an\u00fancio&hellip; <\/p>\n","protected":false},"author":2,"featured_media":43416,"comment_status":"closed","ping_status":"closed","sticky":false,"template":"","format":"standard","meta":{"sfsi_plus_gutenberg_text_before_share":"","sfsi_plus_gutenberg_show_text_before_share":"","sfsi_plus_gutenberg_icon_type":"","sfsi_plus_gutenberg_icon_alignemt":"","sfsi_plus_gutenburg_max_per_row":"","footnotes":""},"categories":[6],"tags":[],"class_list":["post-78618","post","type-post","status-publish","format-standard","has-post-thumbnail","hentry","category-cidades"],"_links":{"self":[{"href":"https:\/\/www.caririemacao.com\/1\/wp-json\/wp\/v2\/posts\/78618","targetHints":{"allow":["GET"]}}],"collection":[{"href":"https:\/\/www.caririemacao.com\/1\/wp-json\/wp\/v2\/posts"}],"about":[{"href":"https:\/\/www.caririemacao.com\/1\/wp-json\/wp\/v2\/types\/post"}],"author":[{"embeddable":true,"href":"https:\/\/www.caririemacao.com\/1\/wp-json\/wp\/v2\/users\/2"}],"replies":[{"embeddable":true,"href":"https:\/\/www.caririemacao.com\/1\/wp-json\/wp\/v2\/comments?post=78618"}],"version-history":[{"count":1,"href":"https:\/\/www.caririemacao.com\/1\/wp-json\/wp\/v2\/posts\/78618\/revisions"}],"predecessor-version":[{"id":78623,"href":"https:\/\/www.caririemacao.com\/1\/wp-json\/wp\/v2\/posts\/78618\/revisions\/78623"}],"wp:featuredmedia":[{"embeddable":true,"href":"https:\/\/www.caririemacao.com\/1\/wp-json\/wp\/v2\/media\/43416"}],"wp:attachment":[{"href":"https:\/\/www.caririemacao.com\/1\/wp-json\/wp\/v2\/media?parent=78618"}],"wp:term":[{"taxonomy":"category","embeddable":true,"href":"https:\/\/www.caririemacao.com\/1\/wp-json\/wp\/v2\/categories?post=78618"},{"taxonomy":"post_tag","embeddable":true,"href":"https:\/\/www.caririemacao.com\/1\/wp-json\/wp\/v2\/tags?post=78618"}],"curies":[{"name":"wp","href":"https:\/\/api.w.org\/{rel}","templated":true}]}}