{"id":78634,"date":"2018-12-28T17:08:16","date_gmt":"2018-12-28T20:08:16","guid":{"rendered":"http:\/\/www.caririemacao.com\/1\/?p=78634"},"modified":"2018-12-28T17:08:16","modified_gmt":"2018-12-28T20:08:16","slug":"psicologa-e-escritora-infantil-betania-farias-lanca-seus-dois-novos-livros-na-cidade-do-congo","status":"publish","type":"post","link":"https:\/\/www.caririemacao.com\/1\/2018\/12\/28\/psicologa-e-escritora-infantil-betania-farias-lanca-seus-dois-novos-livros-na-cidade-do-congo\/","title":{"rendered":"Psic\u00f3loga e escritora infantil Bet\u00e2nia Farias, lan\u00e7a seus dois novos livros na cidade do Congo"},"content":{"rendered":"<p>Em uma cerim\u00f4nia marcada pela emo\u00e7\u00e3o, a psic\u00f3loga e escritora Bet\u00e2nia Farias lan\u00e7ou seus novos trabalhos direcionados ao p\u00fablico infantil, na noite desta quarta-feira (26), na cidade do Congo-PB.<\/p>\n<p>\u201cA fazedora de sonhos\u201d e \u201cConversa com a chuva\u201d s\u00e3o as novas obras da autora que busca, atrav\u00e9s das mesmas, agu\u00e7ar o imagin\u00e1rio criativo dos leitores na constru\u00e7\u00e3o e fortalecimento da sua personalidade, por meio de hist\u00f3rias que traduzem situa\u00e7\u00f5es e sentimentos reais na viv\u00eancia de um indiv\u00edduo, seja crian\u00e7a ou adulto.<\/p>\n<p>Caririzeira da cidade do Congo, Bet\u00e2nia Farias \u00e9 radicada h\u00e1 18 anos na cidade de S\u00e3o Paulo-SP, onde formou-se em psicologia, fez cursos de p\u00f3s-gradua\u00e7\u00e3o, e onde desenvolve seus trabalhos como psic\u00f3loga cl\u00ednica e escritora infantil.<\/p>\n<p>Um p\u00fablico consider\u00e1vel mesclado entre crian\u00e7as e adultos esteve presente no lan\u00e7amento e se confraternizou com a conterr\u00e2nea.<br \/>\nOs livros \u201cA fazedora de sonhos\u201d e \u201cConversa com a chuva\u201d, bem como a cole\u00e7\u00e3o \u201cCinco sentidos \u2013 Pra viver e se emocionar\u201d, tamb\u00e9m de autoria de Bet\u00e2nia, podem ser adquiridos atrav\u00e9s do site\u00a0<a href=\"https:\/\/l.facebook.com\/l.php?u=http%3A%2F%2Fwww.betaniafarias.com.br%2F%3Ffbclid%3DIwAR3T0zhZOM7XEHo3tqxDs-xqU472wRjJuXr_fNro3TmOkwOK0UPA785IHwU&amp;h=AT39_ymWNOisYBQa3xA-wuFoozbmqUjMmipyqXNFAU3JIJ9hMK3VtRdmvHXfsrIIYRPFiZPJJsTUKfkK7eOpfRz4QLwMxvsUqibsvFvrpU8lkxEv7qc3d5pyl7bN_xiEwMlJOw\" target=\"_blank\" rel=\"nofollow noopener\" data-lynx-mode=\"hover\">www.betaniafarias.com.br<\/a>, onde cont\u00e9m tamb\u00e9m mais informa\u00e7\u00f5es sobre a autora e suas obras.<\/p>\n","protected":false},"excerpt":{"rendered":"<p>Em uma cerim\u00f4nia marcada pela emo\u00e7\u00e3o, a psic\u00f3loga e escritora Bet\u00e2nia Farias lan\u00e7ou seus novos trabalhos direcionados ao p\u00fablico infantil, na noite desta quarta-feira (26),&hellip; <\/p>\n","protected":false},"author":1,"featured_media":78635,"comment_status":"closed","ping_status":"closed","sticky":false,"template":"","format":"standard","meta":{"sfsi_plus_gutenberg_text_before_share":"","sfsi_plus_gutenberg_show_text_before_share":"","sfsi_plus_gutenberg_icon_type":"","sfsi_plus_gutenberg_icon_alignemt":"","sfsi_plus_gutenburg_max_per_row":"","footnotes":""},"categories":[14],"tags":[],"class_list":["post-78634","post","type-post","status-publish","format-standard","has-post-thumbnail","hentry","category-educacao"],"_links":{"self":[{"href":"https:\/\/www.caririemacao.com\/1\/wp-json\/wp\/v2\/posts\/78634","targetHints":{"allow":["GET"]}}],"collection":[{"href":"https:\/\/www.caririemacao.com\/1\/wp-json\/wp\/v2\/posts"}],"about":[{"href":"https:\/\/www.caririemacao.com\/1\/wp-json\/wp\/v2\/types\/post"}],"author":[{"embeddable":true,"href":"https:\/\/www.caririemacao.com\/1\/wp-json\/wp\/v2\/users\/1"}],"replies":[{"embeddable":true,"href":"https:\/\/www.caririemacao.com\/1\/wp-json\/wp\/v2\/comments?post=78634"}],"version-history":[{"count":1,"href":"https:\/\/www.caririemacao.com\/1\/wp-json\/wp\/v2\/posts\/78634\/revisions"}],"predecessor-version":[{"id":78636,"href":"https:\/\/www.caririemacao.com\/1\/wp-json\/wp\/v2\/posts\/78634\/revisions\/78636"}],"wp:featuredmedia":[{"embeddable":true,"href":"https:\/\/www.caririemacao.com\/1\/wp-json\/wp\/v2\/media\/78635"}],"wp:attachment":[{"href":"https:\/\/www.caririemacao.com\/1\/wp-json\/wp\/v2\/media?parent=78634"}],"wp:term":[{"taxonomy":"category","embeddable":true,"href":"https:\/\/www.caririemacao.com\/1\/wp-json\/wp\/v2\/categories?post=78634"},{"taxonomy":"post_tag","embeddable":true,"href":"https:\/\/www.caririemacao.com\/1\/wp-json\/wp\/v2\/tags?post=78634"}],"curies":[{"name":"wp","href":"https:\/\/api.w.org\/{rel}","templated":true}]}}