{"id":78637,"date":"2018-12-28T17:12:05","date_gmt":"2018-12-28T20:12:05","guid":{"rendered":"http:\/\/www.caririemacao.com\/1\/?p=78637"},"modified":"2018-12-28T17:12:05","modified_gmt":"2018-12-28T20:12:05","slug":"administracao-direta-e-indireta-confira-todos-os-nomes-que-estarao-no-governo-joao-azevedo-anunciados-nesta-sexta-feira-28","status":"publish","type":"post","link":"https:\/\/www.caririemacao.com\/1\/2018\/12\/28\/administracao-direta-e-indireta-confira-todos-os-nomes-que-estarao-no-governo-joao-azevedo-anunciados-nesta-sexta-feira-28\/","title":{"rendered":"ADMINISTRA\u00c7\u00c3O DIRETA E INDIRETA: Confira todos os nomes que estar\u00e3o no Governo Jo\u00e3o Azev\u00eado, anunciados nesta sexta-feira (28)"},"content":{"rendered":"<p>O governador eleito da Para\u00edba, Jo\u00e3o Azev\u00eado (PSB), anunciou, nesta sexta-feira (28), durante transmiss\u00e3o ao vivo em seus perfis nas redes sociais, novos nomes que ir\u00e3o compor sua equipe de governo a partir de 1\u00ba de janeiro de 2019. Os auxiliares anunciados hoje far\u00e3o parte das administra\u00e7\u00f5es direta e indireta do Estado.<\/p>\n<p>Na oportunidade, Jo\u00e3o disse que suas escolhas visam garantir uma estrutura de Governo que agregasse inova\u00e7\u00e3o e experi\u00eancia. Ele tamb\u00e9m anunciou uma reuni\u00e3o com todo o secretariado para o dia 3 de janeiro com o objetivo de definir as metas do primeiro semestre do pr\u00f3ximo ano.<\/p>\n<p>\u201cEsse time que foi indicado para cada fun\u00e7\u00e3o ser\u00e1 cobrado n\u00e3o s\u00f3 pela popula\u00e7\u00e3o. N\u00f3s temos o compromisso de dar continuidade a esse projeto, fazer com que a Para\u00edba continue sendo respeitada nacionalmente e fazer com que os resultados aconte\u00e7am\u201d, destacou.<\/p>\n<p>No \u00faltimo dia 7, ele divulgou os primeiros nomes de seu secretariado e anunciou a cria\u00e7\u00e3o de uma Secretaria Executiva da Sa\u00fade para gerenciar as unidades hospitalares do Estado, e a vincula\u00e7\u00e3o da pasta da Ci\u00eancia e Tecnologia \u00e0 Secretaria de Educa\u00e7\u00e3o do Estado a partir do pr\u00f3ximo ano.<\/p>\n<p><em>Confira os nomes anunciados hoje pelo governador eleito Jo\u00e3o Azev\u00eado:<\/em><\/p>\n<p><strong>Administra\u00e7\u00e3o Direta<\/strong><\/p>\n<p>Escrit\u00f3rio de Representa\u00e7\u00e3o em Bras\u00edlia: Suely Santiago<\/p>\n<p>Escrit\u00f3rio Executivo de Representa\u00e7\u00e3o em Bras\u00edlia: Adauto Fernandes<\/p>\n<p>Secret\u00e1rio Executivo da Controladoria-Geral do Estado: Breno Wanderley<\/p>\n<p>Secretaria Executiva das Finan\u00e7as: M\u00e1rio S\u00e9rgio<\/p>\n<p>Secretaria Executiva do Or\u00e7amento Democr\u00e1tico: C\u00e9lio Alves<\/p>\n<p>Secretaria de Desenvolvimento e Articula\u00e7\u00e3o Municipal: Ana Cl\u00e1udia Vital<\/p>\n<p>Secretaria de Desenvolvimento Humano: Gilvaneide Nunes da Silva<\/p>\n<p>Secretaria Adjunta de Desenvolvimento Humano: Francisca Denise Albuquerque<\/p>\n<p>Secret\u00e1ria Executiva de Seguran\u00e7a Alimentar: Roseana Meira<\/p>\n<p>Secretaria da Cultura: Dami\u00e3o Ramos Cavalcanti<\/p>\n<p>Secretaria Executiva da Cultura: Milton Dornelas<\/p>\n<p>Secretaria de Seguran\u00e7a: Jean Francisco Bezerra Nunes<\/p>\n<p>Secretaria Executiva de Seguran\u00e7a: Lamark Victor Donato<\/p>\n<p>Delegado Geral: Isaias Jos\u00e9 Dantas Gualberto<\/p>\n<p>Delegado Adjunto: Cassandra Maria Duarte Guimar\u00e3es<\/p>\n<p>Comandante da Pol\u00edcia Militar: Cel. Euller de Assis Chaves<\/p>\n<p>Subcomandante da Pol\u00edcia Militar: Cel. Jos\u00e9 de Almeida Rosas<\/p>\n<p>Comandante do Corpo de Bombeiros: Cel. Bombeiro \u2013 Marcelo Augusto de Ara\u00fajo<\/p>\n<p>Subcomandante do Corpo de Bombeiros: Cel. Bombeiro \u2013 Lucas Severiano de Lima<\/p>\n<p>Secretaria Executiva da Administra\u00e7\u00e3o: Jaqueline Fernandes Gusm\u00e3o<\/p>\n<p>Secretaria da Juventude, Esporte e Lazer: Jos\u00e9 Marco<\/p>\n<p>Secretaria Executiva da Juventude, Esporte e Lazer: Priscila Gomes de Ara\u00fajo<\/p>\n<p>Secretaria Executiva da Agricultura Familiar e Desenvolvimento do Semi\u00e1rido: Jonildo Cavalcante<\/p>\n<p>Secretaria Executiva da Mulher e Diversidade Humana: L\u00eddia Moura<\/p>\n<p>Secretaria Executiva da Administra\u00e7\u00e3o Penitenci\u00e1ria: Jo\u00e3o Paulo Barros<\/p>\n<p>Secretario Executiva de Energia e do Pac: Robson Barbosa<\/p>\n<p><strong>Administra\u00e7\u00e3o Indireta<\/strong><\/p>\n<p>Procon: K\u00e9ssia Dantas<\/p>\n<p>ARPB: Jo\u00e3o Vicente Machado<\/p>\n<p>Codata \u2013 Krol J\u00e2nio Palitot Rem\u00edgio<\/p>\n<p>Espep: Luciane Alves Coutinho<\/p>\n<p>Funad: Simone Jord\u00e3o Almeida<\/p>\n<p>Lifesa: Carlos Alberto Dantas Bezerra<\/p>\n<p>Detran: Agamenom Vieira da Silva<\/p>\n<p>Fundac: Noaldo Belo de Meireles<\/p>\n<p>Funda\u00e7\u00e3o Casa de Jos\u00e9 Am\u00e9rico: Viviane Coutinho<\/p>\n<p>Funesc: Marinezia Gomes Tom\u00e9<\/p>\n<p>Cehap: Em\u00edlia Correira Lima<\/p>\n<p>Cagepa: Marcus Vinicius Neves<\/p>\n<p>Companhia Docas: Gilmara Pereira Temoteo<\/p>\n<p>Aesa: Porfirio Loureiro<\/p>\n<p>PBTur: Ruth Avelino Cavalcante<\/p>\n<p>Jucep: Sim\u00e3o de Almeida Neto<\/p>\n<p>Iphaep: Cassandra Eliane Figueiredo Dias<\/p>\n<p>Instituto de Metrologia e Qualidade Industrial da Para\u00edba: Artur Galdino<\/p>\n<p>Sudema: F\u00e1bio Andrade<\/p>\n<p>&nbsp;<\/p>\n<p><em>Ascom<\/em><\/p>\n","protected":false},"excerpt":{"rendered":"<p>O governador eleito da Para\u00edba, Jo\u00e3o Azev\u00eado (PSB), anunciou, nesta sexta-feira (28), durante transmiss\u00e3o ao vivo em seus perfis nas redes sociais, novos nomes que&hellip; <\/p>\n","protected":false},"author":1,"featured_media":78638,"comment_status":"closed","ping_status":"closed","sticky":false,"template":"","format":"standard","meta":{"sfsi_plus_gutenberg_text_before_share":"","sfsi_plus_gutenberg_show_text_before_share":"","sfsi_plus_gutenberg_icon_type":"","sfsi_plus_gutenberg_icon_alignemt":"","sfsi_plus_gutenburg_max_per_row":"","footnotes":""},"categories":[11],"tags":[],"class_list":["post-78637","post","type-post","status-publish","format-standard","has-post-thumbnail","hentry","category-politica"],"_links":{"self":[{"href":"https:\/\/www.caririemacao.com\/1\/wp-json\/wp\/v2\/posts\/78637","targetHints":{"allow":["GET"]}}],"collection":[{"href":"https:\/\/www.caririemacao.com\/1\/wp-json\/wp\/v2\/posts"}],"about":[{"href":"https:\/\/www.caririemacao.com\/1\/wp-json\/wp\/v2\/types\/post"}],"author":[{"embeddable":true,"href":"https:\/\/www.caririemacao.com\/1\/wp-json\/wp\/v2\/users\/1"}],"replies":[{"embeddable":true,"href":"https:\/\/www.caririemacao.com\/1\/wp-json\/wp\/v2\/comments?post=78637"}],"version-history":[{"count":1,"href":"https:\/\/www.caririemacao.com\/1\/wp-json\/wp\/v2\/posts\/78637\/revisions"}],"predecessor-version":[{"id":78639,"href":"https:\/\/www.caririemacao.com\/1\/wp-json\/wp\/v2\/posts\/78637\/revisions\/78639"}],"wp:featuredmedia":[{"embeddable":true,"href":"https:\/\/www.caririemacao.com\/1\/wp-json\/wp\/v2\/media\/78638"}],"wp:attachment":[{"href":"https:\/\/www.caririemacao.com\/1\/wp-json\/wp\/v2\/media?parent=78637"}],"wp:term":[{"taxonomy":"category","embeddable":true,"href":"https:\/\/www.caririemacao.com\/1\/wp-json\/wp\/v2\/categories?post=78637"},{"taxonomy":"post_tag","embeddable":true,"href":"https:\/\/www.caririemacao.com\/1\/wp-json\/wp\/v2\/tags?post=78637"}],"curies":[{"name":"wp","href":"https:\/\/api.w.org\/{rel}","templated":true}]}}