{"id":78641,"date":"2018-12-28T17:14:39","date_gmt":"2018-12-28T20:14:39","guid":{"rendered":"http:\/\/www.caririemacao.com\/1\/?p=78641"},"modified":"2018-12-28T17:14:39","modified_gmt":"2018-12-28T20:14:39","slug":"associacao-de-delegados-parabeniza-joao-azevedo-por-nova-equipe-de-seguranca","status":"publish","type":"post","link":"https:\/\/www.caririemacao.com\/1\/2018\/12\/28\/associacao-de-delegados-parabeniza-joao-azevedo-por-nova-equipe-de-seguranca\/","title":{"rendered":"Associa\u00e7\u00e3o de delegados parabeniza Jo\u00e3o Azev\u00eado por nova equipe de Seguran\u00e7a"},"content":{"rendered":"<p>A Associa\u00e7\u00e3o de Defesa das Prerrogativas dos Delegados de Pol\u00edcia Civil da Para\u00edba, ADEPDEL, parabeniza o governador eleito na Para\u00edba, Jo\u00e3o Azevedo, pelas escolhas que ir\u00e3o compor a c\u00fapula da Seguran\u00e7a no Estado: Jean Francisco Bezerra Nunes, secret\u00e1rio de Seguran\u00e7a; Isaias Jos\u00e9 Dantas Gualberto, delegado geral; e Cassandra Maria Duarte Guimar\u00e3es, delegada geral adjunta. Para a associa\u00e7\u00e3o, diante da compet\u00eancia de sua nova equipe \u00e9 not\u00f3ria a satisfa\u00e7\u00e3o de toda a categoria em ver, pela primeira vez, um delegado de pol\u00edcia civil ocupar o cargo de secret\u00e1rio de Seguran\u00e7a P\u00fablica no Estado.<\/p>\n<p>Para a entidade \u00e9 uma grande conquista ter um delegado de Pol\u00edcia Civil comandando a seguran\u00e7a p\u00fablica. \u201cO novo governo come\u00e7a com o p\u00e9 direito com rela\u00e7\u00e3o a suas escolhas para a c\u00fapula de seguran\u00e7a. Os tr\u00eas profissionais s\u00e3o de extrema compet\u00eancia e profissionalismo. Desejamos que essa equipe fa\u00e7a excelentes trabalhos para o estado e para a sociedade\u201d, diz Steferson Nogueira, presidente da Adepdel.<\/p>\n<p>Steferson ressalta ainda que durante a gest\u00e3o de Ricardo Coutinho a categoria conseguiu muitos avan\u00e7os para os policiais civis. \u201cN\u00e3o podemos deixar de agradecer ao governador por atender a diversos pleitos nossos, como a incorpora\u00e7\u00e3o dos plant\u00f5es e as promo\u00e7\u00f5es funcionais, por exemplo. Essa conquistas foram primordiais para todos os policiais civis\u201d, comenta.<\/p>\n<p>Por\u00e9m, mesmo com diversas conquistas ainda h\u00e1 pleitos que precisam ser conquistados, e Steferson ressalta que ir\u00e1 buscar, com di\u00e1logo, junto \u00e0 nova gest\u00e3o, a realiza\u00e7\u00e3o dessas demandas. \u201cA categoria definiu que o pleito priorit\u00e1rio para o pr\u00f3ximo ano ser\u00e1 conquistar o cumprimento da Lei Estadual do Subs\u00eddio na remunera\u00e7\u00e3o da categoria. Vamos em busca de mais essa conquista e esperamos que a nova equipe defenda esse t\u00e3o importante pleito junto ao Governo\u201d, finaliza.<\/p>\n","protected":false},"excerpt":{"rendered":"<p>A Associa\u00e7\u00e3o de Defesa das Prerrogativas dos Delegados de Pol\u00edcia Civil da Para\u00edba, ADEPDEL, parabeniza o governador eleito na Para\u00edba, Jo\u00e3o Azevedo, pelas escolhas que&hellip; <\/p>\n","protected":false},"author":1,"featured_media":78642,"comment_status":"closed","ping_status":"closed","sticky":false,"template":"","format":"standard","meta":{"sfsi_plus_gutenberg_text_before_share":"","sfsi_plus_gutenberg_show_text_before_share":"","sfsi_plus_gutenberg_icon_type":"","sfsi_plus_gutenberg_icon_alignemt":"","sfsi_plus_gutenburg_max_per_row":"","footnotes":""},"categories":[11],"tags":[],"class_list":["post-78641","post","type-post","status-publish","format-standard","has-post-thumbnail","hentry","category-politica"],"_links":{"self":[{"href":"https:\/\/www.caririemacao.com\/1\/wp-json\/wp\/v2\/posts\/78641","targetHints":{"allow":["GET"]}}],"collection":[{"href":"https:\/\/www.caririemacao.com\/1\/wp-json\/wp\/v2\/posts"}],"about":[{"href":"https:\/\/www.caririemacao.com\/1\/wp-json\/wp\/v2\/types\/post"}],"author":[{"embeddable":true,"href":"https:\/\/www.caririemacao.com\/1\/wp-json\/wp\/v2\/users\/1"}],"replies":[{"embeddable":true,"href":"https:\/\/www.caririemacao.com\/1\/wp-json\/wp\/v2\/comments?post=78641"}],"version-history":[{"count":1,"href":"https:\/\/www.caririemacao.com\/1\/wp-json\/wp\/v2\/posts\/78641\/revisions"}],"predecessor-version":[{"id":78643,"href":"https:\/\/www.caririemacao.com\/1\/wp-json\/wp\/v2\/posts\/78641\/revisions\/78643"}],"wp:featuredmedia":[{"embeddable":true,"href":"https:\/\/www.caririemacao.com\/1\/wp-json\/wp\/v2\/media\/78642"}],"wp:attachment":[{"href":"https:\/\/www.caririemacao.com\/1\/wp-json\/wp\/v2\/media?parent=78641"}],"wp:term":[{"taxonomy":"category","embeddable":true,"href":"https:\/\/www.caririemacao.com\/1\/wp-json\/wp\/v2\/categories?post=78641"},{"taxonomy":"post_tag","embeddable":true,"href":"https:\/\/www.caririemacao.com\/1\/wp-json\/wp\/v2\/tags?post=78641"}],"curies":[{"name":"wp","href":"https:\/\/api.w.org\/{rel}","templated":true}]}}