{"id":78649,"date":"2018-12-28T17:21:28","date_gmt":"2018-12-28T20:21:28","guid":{"rendered":"http:\/\/www.caririemacao.com\/1\/?p=78649"},"modified":"2018-12-28T17:21:28","modified_gmt":"2018-12-28T20:21:28","slug":"deputados-estaduais-da-paraiba-aprovam-orcamento-de-2019","status":"publish","type":"post","link":"https:\/\/www.caririemacao.com\/1\/2018\/12\/28\/deputados-estaduais-da-paraiba-aprovam-orcamento-de-2019\/","title":{"rendered":"Deputados estaduais da Para\u00edba aprovam or\u00e7amento de 2019"},"content":{"rendered":"<p>Em sess\u00e3o extraordin\u00e1ria realizada nesta sexta-feira (28), os deputados aprovaram por maioria de votos (27 x 05), o Projeto de Lei 1.981\/2018, do Governo do Estado, que estima a receita e fixa a despesa para o exerc\u00edcio financeiro de 2019, prevendo um investimento de R$ 11,8 bilh\u00f5es para os Or\u00e7amentos Fiscal, de Seguridade Social e de Investimentos das Empresas.<\/p>\n<p>A proposta or\u00e7ament\u00e1ria tem como fun\u00e7\u00e3o balizar o planejamento estrat\u00e9gico do Estado e seus diversos \u00f3rg\u00e3os para a confec\u00e7\u00e3o de seus objetivos constitucionais e pela busca do bem comum e desenvolvimento social econ\u00f4mico para o exerc\u00edcio financeiro do pr\u00f3ximo ano.<\/p>\n<p>O relator da mat\u00e9ria, deputado Herv\u00e1zio Bezerra (PSB) fez uma leitura sint\u00e9tica do seu parecer e disse que foi aprovado um maior n\u00famero de emendas por conta das adequa\u00e7\u00f5es recomendas aos parlamentares.<\/p>\n<p>Foram apresentada 403 , sendo 02 de remanejamento, 302 de apropria\u00e7\u00e3o, 96 emendas de m\u00e9ritos. Apenas duas foram rejeitadas por ordem t\u00e9cnica.<\/p>\n<div id=\"attachment_551922\" class=\"wp-caption aligncenter\"><img decoding=\"async\" class=\"wp-image-551922 size-full lazyload\" data-src=\"https:\/\/paraibaonline.com.br\/wp-content\/uploads\/2018\/12\/31033168627_4549a4a561_o.jpg\" data-srcset=\"https:\/\/paraibaonline.com.br\/wp-content\/uploads\/2018\/12\/31033168627_4549a4a561_o.jpg 800w, https:\/\/paraibaonline.com.br\/wp-content\/uploads\/2018\/12\/31033168627_4549a4a561_o-556x417.jpg 556w\" alt=\"Foto: Paraibaonline\" src=\"data:image\/svg+xml;base64,PHN2ZyB3aWR0aD0iMSIgaGVpZ2h0PSIxIiB4bWxucz0iaHR0cDovL3d3dy53My5vcmcvMjAwMC9zdmciPjwvc3ZnPg==\" \/><\/p>\n<p class=\"wp-caption-text\">Foto: Paraibaonline<\/p>\n<\/div>\n<p>\u201cTento em vista a expectativa da sociedade, compreendo que a pe\u00e7a or\u00e7ament\u00e1ria \u00e9 consistente e refletem as necessidades p\u00fablicas mais urgentes, os compromissos financeiros, a expectativa de crescimento e as possibilidades de atendimento das demandas e os interesses locais e regionais considerando as tend\u00eancias econ\u00f4micas sociais apontadas pelo cen\u00e1rio nacional\u201d, completou.<\/p>\n<p>Ap\u00f3s a prova\u00e7\u00e3o da LOA, os deputados entram em recesso parlamentar e s\u00f3 retornam \u00e1s atividades no dia 1\u00ba de fevereiro com a posse e para a vota\u00e7\u00e3o do novo presidente da Casa.<\/p>\n","protected":false},"excerpt":{"rendered":"<p>Em sess\u00e3o extraordin\u00e1ria realizada nesta sexta-feira (28), os deputados aprovaram por maioria de votos (27 x 05), o Projeto de Lei 1.981\/2018, do Governo do&hellip; <\/p>\n","protected":false},"author":1,"featured_media":78650,"comment_status":"closed","ping_status":"closed","sticky":false,"template":"","format":"standard","meta":{"sfsi_plus_gutenberg_text_before_share":"","sfsi_plus_gutenberg_show_text_before_share":"","sfsi_plus_gutenberg_icon_type":"","sfsi_plus_gutenberg_icon_alignemt":"","sfsi_plus_gutenburg_max_per_row":"","footnotes":""},"categories":[11],"tags":[],"class_list":["post-78649","post","type-post","status-publish","format-standard","has-post-thumbnail","hentry","category-politica"],"_links":{"self":[{"href":"https:\/\/www.caririemacao.com\/1\/wp-json\/wp\/v2\/posts\/78649","targetHints":{"allow":["GET"]}}],"collection":[{"href":"https:\/\/www.caririemacao.com\/1\/wp-json\/wp\/v2\/posts"}],"about":[{"href":"https:\/\/www.caririemacao.com\/1\/wp-json\/wp\/v2\/types\/post"}],"author":[{"embeddable":true,"href":"https:\/\/www.caririemacao.com\/1\/wp-json\/wp\/v2\/users\/1"}],"replies":[{"embeddable":true,"href":"https:\/\/www.caririemacao.com\/1\/wp-json\/wp\/v2\/comments?post=78649"}],"version-history":[{"count":1,"href":"https:\/\/www.caririemacao.com\/1\/wp-json\/wp\/v2\/posts\/78649\/revisions"}],"predecessor-version":[{"id":78651,"href":"https:\/\/www.caririemacao.com\/1\/wp-json\/wp\/v2\/posts\/78649\/revisions\/78651"}],"wp:featuredmedia":[{"embeddable":true,"href":"https:\/\/www.caririemacao.com\/1\/wp-json\/wp\/v2\/media\/78650"}],"wp:attachment":[{"href":"https:\/\/www.caririemacao.com\/1\/wp-json\/wp\/v2\/media?parent=78649"}],"wp:term":[{"taxonomy":"category","embeddable":true,"href":"https:\/\/www.caririemacao.com\/1\/wp-json\/wp\/v2\/categories?post=78649"},{"taxonomy":"post_tag","embeddable":true,"href":"https:\/\/www.caririemacao.com\/1\/wp-json\/wp\/v2\/tags?post=78649"}],"curies":[{"name":"wp","href":"https:\/\/api.w.org\/{rel}","templated":true}]}}