{"id":78652,"date":"2018-12-28T17:27:00","date_gmt":"2018-12-28T20:27:00","guid":{"rendered":"http:\/\/www.caririemacao.com\/1\/?p=78652"},"modified":"2018-12-28T17:27:00","modified_gmt":"2018-12-28T20:27:00","slug":"cachorros-sao-envenenados-no-municipio-de-santa-terezinha-no-sertao-da-pb","status":"publish","type":"post","link":"https:\/\/www.caririemacao.com\/1\/2018\/12\/28\/cachorros-sao-envenenados-no-municipio-de-santa-terezinha-no-sertao-da-pb\/","title":{"rendered":"Cachorros s\u00e3o envenenados no munic\u00edpio de Santa Terezinha, no Sert\u00e3o da PB"},"content":{"rendered":"<p>O cantor Wandy Soares, conhecido em todo o Brasil, pois fez sucesso nas bandas Mulher Chorona, Pisada Federal e hoje canta no forr\u00f3 do Precateado, usou suas redes sociais para denunciar a matan\u00e7a de cachorros no munic\u00edpio de Santa Terezinha, em que pessoas est\u00e3o dando \u2018bola\u2019 a animais soltos na rua. O veneno \u00e9 envolto em um peda\u00e7o de carne envenenada, e quando o animal come morre pouco tempo depois.<\/p>\n<p>\u00c9 verdade que nas ruas de Santa Terezinha existem muitos animais, c\u00e3es e gatos soltos, perambulando, embora n\u00e3o se justifique tal crime. Um tema j\u00e1 debatido na C\u00e2mara Municipal, inclusive o presidente da casa, vereador Francisco Bezerra, apresentou um projeto que cria um controle populacional dos animais via castra\u00e7\u00e3o das f\u00eameas, por meio de uma parceria entre a prefeitura e a Universidade Federal de Campina Grande. Uma \u00f3tima alternativa, que segundo o poder executivo, o projeto foi sancionado e ser\u00e1 posto em pr\u00e1tica em breve.<\/p>\n<div class=\"td-a-rec td-a-rec-id-content_inline  \"><span class=\"td-adspot-title\">O\u00a0Blog do Jordan Bezerra procurou as autoridades do munic\u00edpio para falar sobre o tema. A pol\u00edcia local informou que n\u00e3o recebeu nenhuma den\u00fancia sobre a matan\u00e7a de animais, disse que ficou sabendo pela imprensa, mas que agora iria tomar as provid\u00eancias.<\/span><\/div>\n<p>Tamb\u00e9m procurado pelo Blog do Jordan Bezerra, a prefeitura se pronunciou, por meio da Secretaria Municipal de Sa\u00fade, com uma nota de rep\u00fadio. No texto, a prefeitura afirmou que disp\u00f5e de servi\u00e7o de vigil\u00e2ncia e fiscaliza\u00e7\u00e3o desses casos, al\u00e9m de dispor de um cadastro para aqueles que pretendem castrar seus animais.<\/p>\n<p>\u201cA prefeitura municipal de Santa Terezinha-PB, atrav\u00e9s da Secretaria de Sa\u00fade, vem a p\u00fablico repudiar a forma absurda, inaceit\u00e1vel e covarde os atos praticados com crueldade contra os animais envenenados recentemente na nossa cidade. Esclarecemos a popula\u00e7\u00e3o que disponibilizamos na coordena\u00e7\u00e3o de Vigil\u00e2ncia Sanit\u00e1ria um cadastro para a popula\u00e7\u00e3o interessada na castra\u00e7\u00e3o de animais junto a UFCG, respaldado por lei municipal\u201d, relatou em nota.<\/p>\n<p>A prefeita da cidade, Terezinha de Z\u00e9 Afonso (PSDB), lamentou o ocorrido e se prontificou a solucionar o problema, por meio de campanhas de conscientiza\u00e7\u00e3o e prote\u00e7\u00e3o dos animais.<\/p>\n<p>\u201cLamentamos o ocorrido, pois, atentar contra a vida dos animais de forma cruel, n\u00e3o \u00e9 medida sanit\u00e1ria e nem tampouco preventiva de doen\u00e7as. Solicitamos que popula\u00e7\u00e3o denuncie as autoridades os poss\u00edveis respons\u00e1veis pelo envenenamento dos animais, tendo em vista que configura crime tipificado no art. 32 da Lei Federal contra os crimes ambientais n\u00b0 9605. Diante do exposto, firmamos nosso compromisso em fortalecer campanhas de conscientiza\u00e7\u00e3o sobre maus tratos e outros temas ligados a prote\u00e7\u00e3o dos animais\u201d, garantiu a gestora.<\/p>\n<p>J\u00e1 o presidente da C\u00e2mara Municipal, Francisco Bezerra(PSB), disse que o problema n\u00e3o \u00e9 de hoje. Ele afirmou que vem combatendo o descaso com os animais no munic\u00edpio. O exemplo foi o projeto criado por ele para castrar as f\u00eameas abandonadas, proporcionando o controle populacional dos animais, sobretudo os que vivem nas ruas.<\/p>\n<p>&nbsp;<\/p>\n<p>&nbsp;<\/p>\n<p><em>\u00a0Blog do Jordan Bezerra.\u00a0<\/em><\/p>\n","protected":false},"excerpt":{"rendered":"<p>O cantor Wandy Soares, conhecido em todo o Brasil, pois fez sucesso nas bandas Mulher Chorona, Pisada Federal e hoje canta no forr\u00f3 do Precateado,&hellip; <\/p>\n","protected":false},"author":1,"featured_media":78654,"comment_status":"closed","ping_status":"closed","sticky":false,"template":"","format":"standard","meta":{"sfsi_plus_gutenberg_text_before_share":"","sfsi_plus_gutenberg_show_text_before_share":"","sfsi_plus_gutenberg_icon_type":"","sfsi_plus_gutenberg_icon_alignemt":"","sfsi_plus_gutenburg_max_per_row":"","footnotes":""},"categories":[12],"tags":[],"class_list":["post-78652","post","type-post","status-publish","format-standard","has-post-thumbnail","hentry","category-policia"],"_links":{"self":[{"href":"https:\/\/www.caririemacao.com\/1\/wp-json\/wp\/v2\/posts\/78652","targetHints":{"allow":["GET"]}}],"collection":[{"href":"https:\/\/www.caririemacao.com\/1\/wp-json\/wp\/v2\/posts"}],"about":[{"href":"https:\/\/www.caririemacao.com\/1\/wp-json\/wp\/v2\/types\/post"}],"author":[{"embeddable":true,"href":"https:\/\/www.caririemacao.com\/1\/wp-json\/wp\/v2\/users\/1"}],"replies":[{"embeddable":true,"href":"https:\/\/www.caririemacao.com\/1\/wp-json\/wp\/v2\/comments?post=78652"}],"version-history":[{"count":1,"href":"https:\/\/www.caririemacao.com\/1\/wp-json\/wp\/v2\/posts\/78652\/revisions"}],"predecessor-version":[{"id":78655,"href":"https:\/\/www.caririemacao.com\/1\/wp-json\/wp\/v2\/posts\/78652\/revisions\/78655"}],"wp:featuredmedia":[{"embeddable":true,"href":"https:\/\/www.caririemacao.com\/1\/wp-json\/wp\/v2\/media\/78654"}],"wp:attachment":[{"href":"https:\/\/www.caririemacao.com\/1\/wp-json\/wp\/v2\/media?parent=78652"}],"wp:term":[{"taxonomy":"category","embeddable":true,"href":"https:\/\/www.caririemacao.com\/1\/wp-json\/wp\/v2\/categories?post=78652"},{"taxonomy":"post_tag","embeddable":true,"href":"https:\/\/www.caririemacao.com\/1\/wp-json\/wp\/v2\/tags?post=78652"}],"curies":[{"name":"wp","href":"https:\/\/api.w.org\/{rel}","templated":true}]}}