{"id":78666,"date":"2018-12-28T17:43:48","date_gmt":"2018-12-28T20:43:48","guid":{"rendered":"http:\/\/www.caririemacao.com\/1\/?p=78666"},"modified":"2018-12-28T17:43:48","modified_gmt":"2018-12-28T20:43:48","slug":"prefeito-eden-assina-ordem-de-servico-para-reforma-do-predio-da-filarmonica-municipal","status":"publish","type":"post","link":"https:\/\/www.caririemacao.com\/1\/2018\/12\/28\/prefeito-eden-assina-ordem-de-servico-para-reforma-do-predio-da-filarmonica-municipal\/","title":{"rendered":"Prefeito Eden assina ordem de servi\u00e7o para reforma do pr\u00e9dio da Filarm\u00f4nica Municipal"},"content":{"rendered":"<p style=\"margin: 0px 0px 13px; padding: 0px; border: 0px currentColor; color: #555555; text-transform: none; line-height: 24px; text-indent: 0px; letter-spacing: normal; font-family: 'Droid Sans'; font-size: 14px; font-style: normal; font-weight: normal; word-spacing: 0px; vertical-align: baseline; white-space: normal; box-sizing: border-box; orphans: 2; widows: 2; font-stretch: inherit; background-color: #ffffff; font-variant-ligatures: normal; font-variant-caps: normal; font-variant-numeric: inherit; -webkit-text-stroke-width: 0px; text-decoration-style: initial; text-decoration-color: initial;\">O Prefeito de Sum\u00e9, Eden Duarte, esteve em reuni\u00e3o, na noite desta quinta-feira (27), na sede da Filarm\u00f4nica Maestro Ant\u00f4nio Josu\u00e9 de Lima, acompanhado dos secret\u00e1rios de Educa\u00e7\u00e3o e Cultura, Odilon Ara\u00fajo, da Assist\u00eancia Social, Tanniery L\u00eala, de Obras, Isca Viana e o maestro Diego Bruno, para assinatura de ordem de servi\u00e7o da execu\u00e7\u00e3o de reforma e amplia\u00e7\u00e3o do pr\u00e9dio da Filarm\u00f4nica Municipal, que fica na Rua Ant\u00f4nio Rodrigues dos Santos, popularmente, conhecida como Rua do Cal\u00e7ad\u00e3o. Nessa primeira etapa ser\u00e1 realizada uma reforma na sala de ensaio, dando prioridade \u00e0 melhoria na ac\u00fastica do audit\u00f3rio do pr\u00e9dio.<\/p>\n<p style=\"margin: 0px 0px 13px; padding: 0px; border: 0px currentColor; color: #555555; text-transform: none; line-height: 24px; text-indent: 0px; letter-spacing: normal; font-family: 'Droid Sans'; font-size: 14px; font-style: normal; font-weight: normal; word-spacing: 0px; vertical-align: baseline; white-space: normal; box-sizing: border-box; orphans: 2; widows: 2; font-stretch: inherit; background-color: #ffffff; font-variant-ligatures: normal; font-variant-caps: normal; font-variant-numeric: inherit; -webkit-text-stroke-width: 0px; text-decoration-style: initial; text-decoration-color: initial;\">Na ocasi\u00e3o, o prefeito garantiu tamb\u00e9m aumento no repasse da bolsa para os m\u00fasicos, no valor total mensal de R$ 5 mil e aquisi\u00e7\u00e3o de novos uniformes para 2019. Ele destacou a import\u00e2ncia da Filarm\u00f4nica como patrim\u00f4nio cultural de Sum\u00e9 e falou do seu carinho por ela. \u201cEssa banda s\u00f3 engrandece e orgulha os eventos de nosso munic\u00edpio e \u00e9 sucesso por onde passa. Por isso que o nosso governo n\u00e3o mede esfor\u00e7os para investir nela\u201d, afirmou.<\/p>\n<p style=\"margin: 0px 0px 13px; padding: 0px; border: 0px currentColor; color: #555555; text-transform: none; line-height: 24px; text-indent: 0px; letter-spacing: normal; font-family: 'Droid Sans'; font-size: 14px; font-style: normal; font-weight: normal; word-spacing: 0px; vertical-align: baseline; white-space: normal; box-sizing: border-box; orphans: 2; widows: 2; font-stretch: inherit; background-color: #ffffff; font-variant-ligatures: normal; font-variant-caps: normal; font-variant-numeric: inherit; -webkit-text-stroke-width: 0px; text-decoration-style: initial; text-decoration-color: initial;\">\u00c9den disse ainda que pleiteia junto ao Governo do Estado a aquisi\u00e7\u00e3o de mais instrumentos e que nesse momento aguarda a confirma\u00e7\u00e3o do empenho de uma emenda do deputado Luiz Couto, no valor de R$ 100 mil, que ser\u00e3o destinados \u00e0 compra de mais equipamentos para a banda.<\/p>\n<p style=\"margin: 0px 0px 13px; padding: 0px; border: 0px currentColor; color: #555555; text-transform: none; line-height: 24px; text-indent: 0px; letter-spacing: normal; font-family: 'Droid Sans'; font-size: 14px; font-style: normal; font-weight: normal; word-spacing: 0px; vertical-align: baseline; white-space: normal; box-sizing: border-box; orphans: 2; widows: 2; font-stretch: inherit; background-color: #ffffff; font-variant-ligatures: normal; font-variant-caps: normal; font-variant-numeric: inherit; -webkit-text-stroke-width: 0px; text-decoration-style: initial; text-decoration-color: initial;\">O presidente da Filarm\u00f4nica, o m\u00fasico Marinaldo Amorim, disse que os investimentos anunciados pelo prefeito melhoram ainda mais a estrutura do pr\u00e9dio, al\u00e9m de formar mais alunos para representar bem o munic\u00edpio de Sum\u00e9.<\/p>\n<div id=\"gallery-2\" class=\"gallery galleryid-6861 gallery-columns-5 gallery-size-medium\" style=\"margin: auto; padding: 0px; border: 0px currentColor; color: #555555; text-transform: none; line-height: inherit; text-indent: 0px; letter-spacing: normal; font-family: 'Droid Sans'; font-size: 14px; font-style: normal; font-weight: normal; word-spacing: 0px; vertical-align: baseline; white-space: normal; box-sizing: border-box; orphans: 2; widows: 2; font-stretch: inherit; background-color: #ffffff; font-variant-ligatures: normal; font-variant-caps: normal; font-variant-numeric: inherit; -webkit-text-stroke-width: 0px; text-decoration-style: initial; text-decoration-color: initial;\">\n<dl class=\"gallery-item\">\n<dt class=\"gallery-icon landscape\"><a href=\"http:\/\/www.sume.pb.gov.br\/wp-content\/uploads\/2018\/12\/IMG_9548.jpg\" data-slb-group=\"6861\" data-slb-internal=\"0\" data-slb-asset=\"490278720\" data-slb-active=\"1\"><img fetchpriority=\"high\" decoding=\"async\" class=\"attachment-medium size-medium\" src=\"http:\/\/www.sume.pb.gov.br\/wp-content\/uploads\/2018\/12\/IMG_9548-300x200.jpg\" sizes=\"(max-width: 300px) 100vw, 300px\" srcset=\"http:\/\/www.sume.pb.gov.br\/wp-content\/uploads\/2018\/12\/IMG_9548-300x200.jpg 300w, http:\/\/www.sume.pb.gov.br\/wp-content\/uploads\/2018\/12\/IMG_9548-768x512.jpg 768w, http:\/\/www.sume.pb.gov.br\/wp-content\/uploads\/2018\/12\/IMG_9548.jpg 1024w\" alt=\"\" width=\"300\" height=\"200\" \/><\/a><\/dt>\n<\/dl>\n<dl class=\"gallery-item\">\n<dt class=\"gallery-icon landscape\"><a href=\"http:\/\/www.sume.pb.gov.br\/wp-content\/uploads\/2018\/12\/IMG_9552.jpg\" data-slb-group=\"6861\" data-slb-internal=\"0\" data-slb-asset=\"1999464113\" data-slb-active=\"1\"><img decoding=\"async\" class=\"attachment-medium size-medium lazyload\" data-src=\"http:\/\/www.sume.pb.gov.br\/wp-content\/uploads\/2018\/12\/IMG_9552-300x200.jpg\" data-sizes=\"(max-width: 300px) 100vw, 300px\" data-srcset=\"http:\/\/www.sume.pb.gov.br\/wp-content\/uploads\/2018\/12\/IMG_9552-300x200.jpg 300w, http:\/\/www.sume.pb.gov.br\/wp-content\/uploads\/2018\/12\/IMG_9552-768x512.jpg 768w, http:\/\/www.sume.pb.gov.br\/wp-content\/uploads\/2018\/12\/IMG_9552.jpg 1024w\" alt=\"\" width=\"300\" height=\"200\" src=\"data:image\/svg+xml;base64,PHN2ZyB3aWR0aD0iMSIgaGVpZ2h0PSIxIiB4bWxucz0iaHR0cDovL3d3dy53My5vcmcvMjAwMC9zdmciPjwvc3ZnPg==\" style=\"--smush-placeholder-width: 300px; --smush-placeholder-aspect-ratio: 300\/200;\" \/><\/a><\/dt>\n<\/dl>\n<dl class=\"gallery-item\">\n<dt class=\"gallery-icon landscape\"><a href=\"http:\/\/www.sume.pb.gov.br\/wp-content\/uploads\/2018\/12\/IMG_9559.jpg\" data-slb-group=\"6861\" data-slb-internal=\"0\" data-slb-asset=\"2080710800\" data-slb-active=\"1\"><img decoding=\"async\" class=\"attachment-medium size-medium lazyload\" data-src=\"http:\/\/www.sume.pb.gov.br\/wp-content\/uploads\/2018\/12\/IMG_9559-300x200.jpg\" data-sizes=\"(max-width: 300px) 100vw, 300px\" data-srcset=\"http:\/\/www.sume.pb.gov.br\/wp-content\/uploads\/2018\/12\/IMG_9559-300x200.jpg 300w, http:\/\/www.sume.pb.gov.br\/wp-content\/uploads\/2018\/12\/IMG_9559-768x512.jpg 768w, http:\/\/www.sume.pb.gov.br\/wp-content\/uploads\/2018\/12\/IMG_9559.jpg 1024w\" alt=\"\" width=\"300\" height=\"200\" src=\"data:image\/svg+xml;base64,PHN2ZyB3aWR0aD0iMSIgaGVpZ2h0PSIxIiB4bWxucz0iaHR0cDovL3d3dy53My5vcmcvMjAwMC9zdmciPjwvc3ZnPg==\" style=\"--smush-placeholder-width: 300px; --smush-placeholder-aspect-ratio: 300\/200;\" \/><\/a><\/dt>\n<\/dl>\n<dl class=\"gallery-item\">\n<dt class=\"gallery-icon landscape\"><a href=\"http:\/\/www.sume.pb.gov.br\/wp-content\/uploads\/2018\/12\/IMG_9561.jpg\" data-slb-group=\"6861\" data-slb-internal=\"0\" data-slb-asset=\"2106485903\" data-slb-active=\"1\"><img decoding=\"async\" class=\"attachment-medium size-medium lazyload\" data-src=\"http:\/\/www.sume.pb.gov.br\/wp-content\/uploads\/2018\/12\/IMG_9561-300x200.jpg\" data-sizes=\"(max-width: 300px) 100vw, 300px\" data-srcset=\"http:\/\/www.sume.pb.gov.br\/wp-content\/uploads\/2018\/12\/IMG_9561-300x200.jpg 300w, http:\/\/www.sume.pb.gov.br\/wp-content\/uploads\/2018\/12\/IMG_9561-768x512.jpg 768w, http:\/\/www.sume.pb.gov.br\/wp-content\/uploads\/2018\/12\/IMG_9561.jpg 1024w\" alt=\"\" width=\"300\" height=\"200\" src=\"data:image\/svg+xml;base64,PHN2ZyB3aWR0aD0iMSIgaGVpZ2h0PSIxIiB4bWxucz0iaHR0cDovL3d3dy53My5vcmcvMjAwMC9zdmciPjwvc3ZnPg==\" style=\"--smush-placeholder-width: 300px; --smush-placeholder-aspect-ratio: 300\/200;\" \/><\/a><\/dt>\n<\/dl>\n<dl class=\"gallery-item\">\n<dt class=\"gallery-icon landscape\"><a href=\"http:\/\/www.sume.pb.gov.br\/wp-content\/uploads\/2018\/12\/IMG_9574.jpg\" data-slb-group=\"6861\" data-slb-internal=\"0\" data-slb-asset=\"610513658\" data-slb-active=\"1\"><img decoding=\"async\" class=\"attachment-medium size-medium lazyload\" data-src=\"http:\/\/www.sume.pb.gov.br\/wp-content\/uploads\/2018\/12\/IMG_9574-300x200.jpg\" data-sizes=\"(max-width: 300px) 100vw, 300px\" data-srcset=\"http:\/\/www.sume.pb.gov.br\/wp-content\/uploads\/2018\/12\/IMG_9574-300x200.jpg 300w, http:\/\/www.sume.pb.gov.br\/wp-content\/uploads\/2018\/12\/IMG_9574-768x512.jpg 768w, http:\/\/www.sume.pb.gov.br\/wp-content\/uploads\/2018\/12\/IMG_9574.jpg 1024w\" alt=\"\" width=\"300\" height=\"200\" src=\"data:image\/svg+xml;base64,PHN2ZyB3aWR0aD0iMSIgaGVpZ2h0PSIxIiB4bWxucz0iaHR0cDovL3d3dy53My5vcmcvMjAwMC9zdmciPjwvc3ZnPg==\" style=\"--smush-placeholder-width: 300px; --smush-placeholder-aspect-ratio: 300\/200;\" \/><\/a><\/dt>\n<\/dl>\n<\/div>\n<p style=\"margin: 0px 0px 13px; padding: 0px; border: 0px currentColor; color: #555555; text-transform: none; line-height: 24px; text-indent: 0px; letter-spacing: normal; font-family: 'Droid Sans'; font-size: 14px; font-style: normal; font-weight: normal; word-spacing: 0px; vertical-align: baseline; white-space: normal; box-sizing: border-box; orphans: 2; widows: 2; font-stretch: inherit; background-color: #ffffff; font-variant-ligatures: normal; font-variant-caps: normal; font-variant-numeric: inherit; -webkit-text-stroke-width: 0px; text-decoration-style: initial; text-decoration-color: initial;\">Jeferson Andrade, outro componente da Filarm\u00f4nica, parabenizou a Prefeitura de Sum\u00e9 por esses investimentos e por n\u00e3o deixar a cultura esquecida. O m\u00fasico disse tamb\u00e9m que \u00e9 atrav\u00e9s da m\u00fasica que muitos jovens saem das drogas, dos caminhos n\u00e3o corretos. \u201cQue seja um exemplo para outras cidades e outros prefeitos\u201d, enfatizou.<\/p>\n<p style=\"margin: 0px 0px 13px; padding: 0px; border: 0px currentColor; color: #555555; text-transform: none; line-height: 24px; text-indent: 0px; letter-spacing: normal; font-family: 'Droid Sans'; font-size: 14px; font-style: normal; font-weight: normal; word-spacing: 0px; vertical-align: baseline; white-space: normal; box-sizing: border-box; orphans: 2; widows: 2; font-stretch: inherit; background-color: #ffffff; font-variant-ligatures: normal; font-variant-caps: normal; font-variant-numeric: inherit; -webkit-text-stroke-width: 0px; text-decoration-style: initial; text-decoration-color: initial;\">De forma emocionada, o maestro Diego Bruno agradeceu ao prefeito Eden pelo apoio que tem dado \u00e0 banda. Diego disse ainda que a reforma do pr\u00e9dio veio em boa hora e ser\u00e1 muito significativa para a qualidade dos ensaios e individual dos estudos dos m\u00fasicos. Pois, segundo ele, com mais de 30 pessoas tocando ao mesmo tempo, sem uma ac\u00fastica adequada, \u00e9 prejudicial para a audi\u00e7\u00e3o.<\/p>\n<p style=\"margin: 0px 0px 13px; padding: 0px; border: 0px currentColor; color: #555555; text-transform: none; line-height: 24px; text-indent: 0px; letter-spacing: normal; font-family: 'Droid Sans'; font-size: 14px; font-style: normal; font-weight: normal; word-spacing: 0px; vertical-align: baseline; white-space: normal; box-sizing: border-box; orphans: 2; widows: 2; font-stretch: inherit; background-color: #ffffff; font-variant-ligatures: normal; font-variant-caps: normal; font-variant-numeric: inherit; -webkit-text-stroke-width: 0px; text-decoration-style: initial; text-decoration-color: initial;\">O secret\u00e1rio Odilon Ara\u00fajo, que j\u00e1 foi m\u00fasico da Filarm\u00f4nica Maestro Ant\u00f4nio Josu\u00e9 de Lima, disse que estava muito feliz com o momento e principalmente em poder colaborar com a gest\u00e3o do prefeito Eden, que tem pensado em melhorias para a banda onde ele viveu os melhores momentos de sua vida.<\/p>\n<p>&nbsp;<\/p>\n<p style=\"margin: 0px 0px 13px; padding: 0px; border: 0px currentColor; color: #555555; text-transform: none; line-height: 24px; text-indent: 0px; letter-spacing: normal; font-family: 'Droid Sans'; font-size: 14px; font-style: normal; font-weight: normal; word-spacing: 0px; vertical-align: baseline; white-space: normal; box-sizing: border-box; orphans: 2; widows: 2; font-stretch: inherit; background-color: #ffffff; font-variant-ligatures: normal; font-variant-caps: normal; font-variant-numeric: inherit; -webkit-text-stroke-width: 0px; text-decoration-style: initial; text-decoration-color: initial;\">Ascom PMS<\/p>\n","protected":false},"excerpt":{"rendered":"<p>O Prefeito de Sum\u00e9, Eden Duarte, esteve em reuni\u00e3o, na noite desta quinta-feira (27), na sede da Filarm\u00f4nica Maestro Ant\u00f4nio Josu\u00e9 de Lima, acompanhado dos&hellip; <\/p>\n","protected":false},"author":1,"featured_media":78676,"comment_status":"closed","ping_status":"closed","sticky":false,"template":"","format":"standard","meta":{"sfsi_plus_gutenberg_text_before_share":"","sfsi_plus_gutenberg_show_text_before_share":"","sfsi_plus_gutenberg_icon_type":"","sfsi_plus_gutenberg_icon_alignemt":"","sfsi_plus_gutenburg_max_per_row":"","footnotes":""},"categories":[2],"tags":[],"class_list":["post-78666","post","type-post","status-publish","format-standard","has-post-thumbnail","hentry","category-geral"],"_links":{"self":[{"href":"https:\/\/www.caririemacao.com\/1\/wp-json\/wp\/v2\/posts\/78666","targetHints":{"allow":["GET"]}}],"collection":[{"href":"https:\/\/www.caririemacao.com\/1\/wp-json\/wp\/v2\/posts"}],"about":[{"href":"https:\/\/www.caririemacao.com\/1\/wp-json\/wp\/v2\/types\/post"}],"author":[{"embeddable":true,"href":"https:\/\/www.caririemacao.com\/1\/wp-json\/wp\/v2\/users\/1"}],"replies":[{"embeddable":true,"href":"https:\/\/www.caririemacao.com\/1\/wp-json\/wp\/v2\/comments?post=78666"}],"version-history":[{"count":1,"href":"https:\/\/www.caririemacao.com\/1\/wp-json\/wp\/v2\/posts\/78666\/revisions"}],"predecessor-version":[{"id":78677,"href":"https:\/\/www.caririemacao.com\/1\/wp-json\/wp\/v2\/posts\/78666\/revisions\/78677"}],"wp:featuredmedia":[{"embeddable":true,"href":"https:\/\/www.caririemacao.com\/1\/wp-json\/wp\/v2\/media\/78676"}],"wp:attachment":[{"href":"https:\/\/www.caririemacao.com\/1\/wp-json\/wp\/v2\/media?parent=78666"}],"wp:term":[{"taxonomy":"category","embeddable":true,"href":"https:\/\/www.caririemacao.com\/1\/wp-json\/wp\/v2\/categories?post=78666"},{"taxonomy":"post_tag","embeddable":true,"href":"https:\/\/www.caririemacao.com\/1\/wp-json\/wp\/v2\/tags?post=78666"}],"curies":[{"name":"wp","href":"https:\/\/api.w.org\/{rel}","templated":true}]}}