{"id":78682,"date":"2018-12-29T06:04:24","date_gmt":"2018-12-29T09:04:24","guid":{"rendered":"http:\/\/www.caririemacao.com\/1\/?p=78682"},"modified":"2018-12-29T06:04:24","modified_gmt":"2018-12-29T09:04:24","slug":"confira-em-video-aguas-do-transposicao-ja-estao-na-zona-rural-do-municipio-do-congo","status":"publish","type":"post","link":"https:\/\/www.caririemacao.com\/1\/2018\/12\/29\/confira-em-video-aguas-do-transposicao-ja-estao-na-zona-rural-do-municipio-do-congo\/","title":{"rendered":"Confira em v\u00eddeo: \u00c1guas do Transposi\u00e7\u00e3o j\u00e1 est\u00e3o na zona rural do munic\u00edpio do Congo."},"content":{"rendered":"<p>Depois de alguns dias que saiu do A\u00e7ude de Camala\u00fa, as \u00e1guas da Transposi\u00e7\u00e3o do Rio S\u00e3o Francisco seguem pela calha do Rio Para\u00edba e j\u00e1 est\u00e3o na comunidade de Santa Rita, zona rural da cidade do Congo.<\/p>\n<p>O v\u00eddeo da passagem da \u00e1gua foi recebido nesta sexta-feira (28).<\/p>\n<p>As \u00e1guas tem que passar por Cara\u00fabas, S\u00e3o Domingos do Cariri e Cabaceiras, at\u00e9 chegar no a\u00e7ude Epit\u00e1cio Pessoa, localizado na cidade de Boqueir\u00e3o e respons\u00e1vel pelo abastecimento de Campina Grande e outras 19 cidades.<\/p>\n<p>Veja o v\u00eddeo:<\/p>\n<div class=\"jetpack-video-wrapper\"><span class=\"embed-youtube\"><iframe class=\"youtube-player lazyload\" data-src=\"http:\/\/www.youtube.com\/embed\/-7ak3ppVKks?version=3&amp;rel=1&amp;fs=1&amp;autohide=2&amp;showsearch=0&amp;showinfo=1&amp;iv_load_policy=1&amp;wmode=transparent\" allowfullscreen=\"allowfullscreen\" data-ratio=\"0.5631578947368421\" data-width=\"760\" data-height=\"428\" data-mce-fragment=\"1\" src=\"data:image\/svg+xml;base64,PHN2ZyB3aWR0aD0iMSIgaGVpZ2h0PSIxIiB4bWxucz0iaHR0cDovL3d3dy53My5vcmcvMjAwMC9zdmciPjwvc3ZnPg==\" data-load-mode=\"1\"><\/iframe><\/span><\/div>\n<div><\/div>\n<div>Blog Bruno Lira<\/div>\n","protected":false},"excerpt":{"rendered":"<p>Depois de alguns dias que saiu do A\u00e7ude de Camala\u00fa, as \u00e1guas da Transposi\u00e7\u00e3o do Rio S\u00e3o Francisco seguem pela calha do Rio Para\u00edba e&hellip; <\/p>\n","protected":false},"author":1,"featured_media":78683,"comment_status":"closed","ping_status":"closed","sticky":false,"template":"","format":"standard","meta":{"sfsi_plus_gutenberg_text_before_share":"","sfsi_plus_gutenberg_show_text_before_share":"","sfsi_plus_gutenberg_icon_type":"","sfsi_plus_gutenberg_icon_alignemt":"","sfsi_plus_gutenburg_max_per_row":"","footnotes":""},"categories":[50,2],"tags":[],"class_list":["post-78682","post","type-post","status-publish","format-standard","has-post-thumbnail","hentry","category-destaque","category-geral"],"_links":{"self":[{"href":"https:\/\/www.caririemacao.com\/1\/wp-json\/wp\/v2\/posts\/78682","targetHints":{"allow":["GET"]}}],"collection":[{"href":"https:\/\/www.caririemacao.com\/1\/wp-json\/wp\/v2\/posts"}],"about":[{"href":"https:\/\/www.caririemacao.com\/1\/wp-json\/wp\/v2\/types\/post"}],"author":[{"embeddable":true,"href":"https:\/\/www.caririemacao.com\/1\/wp-json\/wp\/v2\/users\/1"}],"replies":[{"embeddable":true,"href":"https:\/\/www.caririemacao.com\/1\/wp-json\/wp\/v2\/comments?post=78682"}],"version-history":[{"count":1,"href":"https:\/\/www.caririemacao.com\/1\/wp-json\/wp\/v2\/posts\/78682\/revisions"}],"predecessor-version":[{"id":78684,"href":"https:\/\/www.caririemacao.com\/1\/wp-json\/wp\/v2\/posts\/78682\/revisions\/78684"}],"wp:featuredmedia":[{"embeddable":true,"href":"https:\/\/www.caririemacao.com\/1\/wp-json\/wp\/v2\/media\/78683"}],"wp:attachment":[{"href":"https:\/\/www.caririemacao.com\/1\/wp-json\/wp\/v2\/media?parent=78682"}],"wp:term":[{"taxonomy":"category","embeddable":true,"href":"https:\/\/www.caririemacao.com\/1\/wp-json\/wp\/v2\/categories?post=78682"},{"taxonomy":"post_tag","embeddable":true,"href":"https:\/\/www.caririemacao.com\/1\/wp-json\/wp\/v2\/tags?post=78682"}],"curies":[{"name":"wp","href":"https:\/\/api.w.org\/{rel}","templated":true}]}}