{"id":78687,"date":"2018-12-29T06:09:21","date_gmt":"2018-12-29T09:09:21","guid":{"rendered":"http:\/\/www.caririemacao.com\/1\/?p=78687"},"modified":"2018-12-29T06:09:21","modified_gmt":"2018-12-29T09:09:21","slug":"tres-deputados-governistas-se-unem-para-disputar-a-presidencia-da-alpb-no-2o-bienio","status":"publish","type":"post","link":"https:\/\/www.caririemacao.com\/1\/2018\/12\/29\/tres-deputados-governistas-se-unem-para-disputar-a-presidencia-da-alpb-no-2o-bienio\/","title":{"rendered":"Tr\u00eas deputados governistas se unem para disputar a presid\u00eancia da ALPB no 2\u00ba bi\u00eanio"},"content":{"rendered":"<p>Os deputados Ricardo Barbosa (PSB), Branco Mendes (Podemos) e Ti\u00e3o Gomes (Avante), todos da base governista, se uniram para disputar a presid\u00eancia da Assembleia Legislativa para o segundo bi\u00eanio da legislatura de 2019, uma vez que, para o 1\u00ba bi\u00eanio a candidatura do deputado Adriano Galdino (PSB), tamb\u00e9m integrante da base do governo, \u00e9 tida como certa.<\/p>\n<p>O pacto entre os tr\u00eas postulantes \u00e9 de que quem estiver mais simpatia e melhor no embate entre os deputados ter\u00e1 o apoio dos outros dois e assim disputar com Galdino, candidato natural da bancada de situa\u00e7\u00e3o.<\/p>\n<p>Eles esperam contar com a solidariedade tanto do governador Ricardo Coutinho quanto com o governador diplomado, Jo\u00e3o Azevedo, ambos do PSB.<\/p>\n<p>\u201cDisputaremos entre os tr\u00eas e n\u00e3o haver\u00e1 ciz\u00e2nia ou discuss\u00f5es c\u00e1usticas. Caminharemos juntos e ao final a gente disputa nessa fase de pr\u00e9-candidatura a possibilidade de um de n\u00f3s assumirmos com Adriano, a chapa que ser\u00e1 votada em 1\u00ba de fevereiro\u201d, explicou.<\/p>\n<p>Indagado quem estaria mais forte, a pre\u00e7o de hoje dos tr\u00eas, Barbosa tergiversou e disse que os tr\u00eas t\u00eam chances e pode at\u00e9 nascer outras candidaturas dentro do grupo at\u00e9 porque a bancada governista \u00e9 grande.<\/p>\n<p>\u201cMas, eu, branco e Ti\u00e3o, estamos nos dispondo a disputar a prefer\u00eancia dos companheiros para o segundo bi\u00eanio e chegaremos \u00e0 elei\u00e7\u00e3o com um nome escolhido. A gente conseguiu estreitar os prop\u00f3sitos e os desejos no sentido de que cheguemos ao pleito com um \u00fanico nome. Os tr\u00eas v\u00e3o trabalhar e quem reunir melhores condi\u00e7\u00f5es matem\u00e1ticas de chances de vit\u00f3ria, ser\u00e1 o candidato de consenso e harm\u00f4nico do bloco\u201d, assegurou.<\/p>\n<p>&nbsp;<\/p>\n<p>Para\u00edba Online<\/p>\n","protected":false},"excerpt":{"rendered":"<p>Os deputados Ricardo Barbosa (PSB), Branco Mendes (Podemos) e Ti\u00e3o Gomes (Avante), todos da base governista, se uniram para disputar a presid\u00eancia da Assembleia Legislativa&hellip; <\/p>\n","protected":false},"author":1,"featured_media":78688,"comment_status":"closed","ping_status":"closed","sticky":false,"template":"","format":"standard","meta":{"sfsi_plus_gutenberg_text_before_share":"","sfsi_plus_gutenberg_show_text_before_share":"","sfsi_plus_gutenberg_icon_type":"","sfsi_plus_gutenberg_icon_alignemt":"","sfsi_plus_gutenburg_max_per_row":"","footnotes":""},"categories":[11],"tags":[],"class_list":["post-78687","post","type-post","status-publish","format-standard","has-post-thumbnail","hentry","category-politica"],"_links":{"self":[{"href":"https:\/\/www.caririemacao.com\/1\/wp-json\/wp\/v2\/posts\/78687","targetHints":{"allow":["GET"]}}],"collection":[{"href":"https:\/\/www.caririemacao.com\/1\/wp-json\/wp\/v2\/posts"}],"about":[{"href":"https:\/\/www.caririemacao.com\/1\/wp-json\/wp\/v2\/types\/post"}],"author":[{"embeddable":true,"href":"https:\/\/www.caririemacao.com\/1\/wp-json\/wp\/v2\/users\/1"}],"replies":[{"embeddable":true,"href":"https:\/\/www.caririemacao.com\/1\/wp-json\/wp\/v2\/comments?post=78687"}],"version-history":[{"count":1,"href":"https:\/\/www.caririemacao.com\/1\/wp-json\/wp\/v2\/posts\/78687\/revisions"}],"predecessor-version":[{"id":78689,"href":"https:\/\/www.caririemacao.com\/1\/wp-json\/wp\/v2\/posts\/78687\/revisions\/78689"}],"wp:featuredmedia":[{"embeddable":true,"href":"https:\/\/www.caririemacao.com\/1\/wp-json\/wp\/v2\/media\/78688"}],"wp:attachment":[{"href":"https:\/\/www.caririemacao.com\/1\/wp-json\/wp\/v2\/media?parent=78687"}],"wp:term":[{"taxonomy":"category","embeddable":true,"href":"https:\/\/www.caririemacao.com\/1\/wp-json\/wp\/v2\/categories?post=78687"},{"taxonomy":"post_tag","embeddable":true,"href":"https:\/\/www.caririemacao.com\/1\/wp-json\/wp\/v2\/tags?post=78687"}],"curies":[{"name":"wp","href":"https:\/\/api.w.org\/{rel}","templated":true}]}}