{"id":78694,"date":"2018-12-29T08:17:47","date_gmt":"2018-12-29T11:17:47","guid":{"rendered":"http:\/\/www.caririemacao.com\/1\/?p=78694"},"modified":"2018-12-29T08:17:47","modified_gmt":"2018-12-29T11:17:47","slug":"brasileiro-tera-menos-feriados-prolongados-em-2019","status":"publish","type":"post","link":"https:\/\/www.caririemacao.com\/1\/2018\/12\/29\/brasileiro-tera-menos-feriados-prolongados-em-2019\/","title":{"rendered":"Brasileiro ter\u00e1 menos feriados prolongados em 2019"},"content":{"rendered":"<p>O brasileiro vai encontrar em 2019 um calend\u00e1rio com menos feriados prolongados.<\/p>\n<p>Das 13 datas comemorativas nacionais (incluindo pontos facultativos), h\u00e1 apenas cinco feriad\u00f5es.<\/p>\n<p>Neste ano, a situa\u00e7\u00e3o foi bem diferente. Foram registradas dez possibilidades de \u201cemendas\u201d, j\u00e1 que a maior parte das datas caiu no final ou no come\u00e7o da semana.<\/p>\n<p>Dos feriados nacionais que poder\u00e3o ser emendados em 2019 est\u00e3o o Carnaval, o Corpus Christi (ponto facultativo), a Semana Santa, a Proclama\u00e7\u00e3o da Rep\u00fablica e o Dia do Servidor P\u00fablico (ponto facultativo).<\/p>\n<p>Os paulistanos, no entanto, ter\u00e3o duas folgas a mais. O anivers\u00e1rio da cidade, comemorado no dia 25 de janeiro, cair\u00e1 numa sexta-feira.<\/p>\n<p>No dia 9 de julho tamb\u00e9m h\u00e1 o feriado estadual da Revolu\u00e7\u00e3o Constitucionalista de 1932, marcado para uma ter\u00e7a.<\/p>\n<p>No Rio, apesar do tradicional Dia de S\u00e3o Sebasti\u00e3o (20 de janeiro) que vai cair em um domingo, haver\u00e1 as comemora\u00e7\u00f5es pelo Dia de S\u00e3o Jorge (23 de abril) em uma ter\u00e7a.<\/p>\n<p>No calend\u00e1rio oficial do Minist\u00e9rio do Planejamento, Desenvolvimento e Gest\u00e3o n\u00e3o entram na lista as comemora\u00e7\u00f5es municipais -como anivers\u00e1rios da cidade ou de padroeiros- ou estaduais facultativas.<\/p>\n<p>Confira abaixo a lista dos feriados e pontos facultativos em 2019<br \/>\nFERIADOS<br \/>\nCarnaval<br \/>\n5.mar (ter\u00e7a-feira)<br \/>\nSexta-Feira Santa<br \/>\n19.abr (sexta-feira)<br \/>\nP\u00e1scoa\/Tiradentes<br \/>\n21.abr (domingo)<br \/>\nDia Mundial do Trabalho<br \/>\n1.mai (quarta-feira)<br \/>\nIndepend\u00eancia do Brasil<br \/>\n7.set (s\u00e1bado)<br \/>\nNossa Senhora Aparecida<br \/>\n12.out (s\u00e1bado)<br \/>\nFinados<br \/>\n2.nov (s\u00e1bado)<br \/>\nProclama\u00e7\u00e3o da Rep\u00fablica<br \/>\n15. nov (sexta-feira)<br \/>\nNatal<br \/>\n25.dez (quarta-feira)<br \/>\nPONTOS FACULTATIVOS<br \/>\nCarnaval<br \/>\n4.mar (segunda-feira)<br \/>\n6.mar (quarta-feira de Cinzas) \u2013 at\u00e9 as 14h<br \/>\nCorpus Christi<br \/>\n20.jun (quinta-feira)<br \/>\nDia do Servidor P\u00fablico<br \/>\n28.out (segunda-feira)<br \/>\nConsci\u00eancia Negra<br \/>\n20.nov (quarta-feira) \u2013 em ao menos 1.045 cidades do Brasil, segundo o governo federal<\/p>\n","protected":false},"excerpt":{"rendered":"<p>O brasileiro vai encontrar em 2019 um calend\u00e1rio com menos feriados prolongados. Das 13 datas comemorativas nacionais (incluindo pontos facultativos), h\u00e1 apenas cinco feriad\u00f5es. Neste&hellip; <\/p>\n","protected":false},"author":1,"featured_media":78695,"comment_status":"closed","ping_status":"closed","sticky":false,"template":"","format":"standard","meta":{"sfsi_plus_gutenberg_text_before_share":"","sfsi_plus_gutenberg_show_text_before_share":"","sfsi_plus_gutenberg_icon_type":"","sfsi_plus_gutenberg_icon_alignemt":"","sfsi_plus_gutenburg_max_per_row":"","footnotes":""},"categories":[2],"tags":[],"class_list":["post-78694","post","type-post","status-publish","format-standard","has-post-thumbnail","hentry","category-geral"],"_links":{"self":[{"href":"https:\/\/www.caririemacao.com\/1\/wp-json\/wp\/v2\/posts\/78694","targetHints":{"allow":["GET"]}}],"collection":[{"href":"https:\/\/www.caririemacao.com\/1\/wp-json\/wp\/v2\/posts"}],"about":[{"href":"https:\/\/www.caririemacao.com\/1\/wp-json\/wp\/v2\/types\/post"}],"author":[{"embeddable":true,"href":"https:\/\/www.caririemacao.com\/1\/wp-json\/wp\/v2\/users\/1"}],"replies":[{"embeddable":true,"href":"https:\/\/www.caririemacao.com\/1\/wp-json\/wp\/v2\/comments?post=78694"}],"version-history":[{"count":1,"href":"https:\/\/www.caririemacao.com\/1\/wp-json\/wp\/v2\/posts\/78694\/revisions"}],"predecessor-version":[{"id":78696,"href":"https:\/\/www.caririemacao.com\/1\/wp-json\/wp\/v2\/posts\/78694\/revisions\/78696"}],"wp:featuredmedia":[{"embeddable":true,"href":"https:\/\/www.caririemacao.com\/1\/wp-json\/wp\/v2\/media\/78695"}],"wp:attachment":[{"href":"https:\/\/www.caririemacao.com\/1\/wp-json\/wp\/v2\/media?parent=78694"}],"wp:term":[{"taxonomy":"category","embeddable":true,"href":"https:\/\/www.caririemacao.com\/1\/wp-json\/wp\/v2\/categories?post=78694"},{"taxonomy":"post_tag","embeddable":true,"href":"https:\/\/www.caririemacao.com\/1\/wp-json\/wp\/v2\/tags?post=78694"}],"curies":[{"name":"wp","href":"https:\/\/api.w.org\/{rel}","templated":true}]}}