{"id":78729,"date":"2018-12-29T10:41:10","date_gmt":"2018-12-29T13:41:10","guid":{"rendered":"http:\/\/www.caririemacao.com\/1\/?p=78729"},"modified":"2018-12-29T10:41:10","modified_gmt":"2018-12-29T13:41:10","slug":"homem-e-assassinado-em-pocinhos-na-madrugada-deste-sabado-29","status":"publish","type":"post","link":"https:\/\/www.caririemacao.com\/1\/2018\/12\/29\/homem-e-assassinado-em-pocinhos-na-madrugada-deste-sabado-29\/","title":{"rendered":"Homem \u00e9 assassinado em Pocinhos na madrugada deste s\u00e1bado (29)"},"content":{"rendered":"<p><img fetchpriority=\"high\" decoding=\"async\" class=\"attachment-post-thumbnail size-post-thumbnail wp-post-image\" src=\"http:\/\/paraibadebate.com.br\/wp-content\/uploads\/2018\/12\/CYMERA_20181229_083006.jpg\" sizes=\"(max-width: 709px) 85vw, (max-width: 909px) 67vw, (max-width: 984px) 60vw, (max-width: 1362px) 62vw, 840px\" srcset=\"http:\/\/paraibadebate.com.br\/wp-content\/uploads\/2018\/12\/CYMERA_20181229_083006.jpg 768w, http:\/\/paraibadebate.com.br\/wp-content\/uploads\/2018\/12\/CYMERA_20181229_083006-276x300.jpg 276w\" alt=\"\" width=\"768\" height=\"835\" \/> <!-- .post-thumbnail --> <small><\/small><\/p>\n<div class=\"entry-content\">\n<p>Um homem suspeito de tr\u00e1fico e homic\u00eddio foi morto a tiros por volta das 3h de hoje (29). Ele foi morto numa casa da Rua Sim\u00e3o de Barros, no Bairro Cruzeiro, em Pocinhos.<\/p>\n<p>Lu\u00eds Paulo de Oliveira Silva, de 30 anos, o \u201cPaulinho do Beiral\u201d, estava na casa da sogra.<\/p>\n<p>Os executores se identificaram como \u201cpoliciais\u201d, entraram e abriram fogo.<\/p>\n<p>Uma guarni\u00e7\u00e3o da Pol\u00edcia Militar esteve no local e acompanhado da mulher de \u201cPaulinho\u201d foi at\u00e9 a resid\u00eancia onde ele morava e l\u00e1 foram encontrados tr\u00eas quilos de maconha, uma espingarda calibre \u201c24\u201d e muni\u00e7\u00f5es.<\/p>\n<p>Ele era de Patos e fazia parte de uma quadrilha sertaneja que se \u201cabrigou\u201d em Pocinhos.<\/p>\n<p>Paulinho era suspeito de ter participado de um arrombamento a delegacia de Pocinhos na madrugada de 6 de dezembro do ano passado. Na oportunidade foram levadas duas armas de fogo e pe\u00e7as de inqu\u00e9rito policial.<\/p>\n<p>&nbsp;<\/p>\n<p>Renato Diniz<\/p>\n<\/div>\n","protected":false},"excerpt":{"rendered":"<p>Um homem suspeito de tr\u00e1fico e homic\u00eddio foi morto a tiros por volta das 3h de hoje (29). Ele foi morto numa casa da Rua&hellip; <\/p>\n","protected":false},"author":1,"featured_media":78730,"comment_status":"closed","ping_status":"closed","sticky":false,"template":"","format":"standard","meta":{"sfsi_plus_gutenberg_text_before_share":"","sfsi_plus_gutenberg_show_text_before_share":"","sfsi_plus_gutenberg_icon_type":"","sfsi_plus_gutenberg_icon_alignemt":"","sfsi_plus_gutenburg_max_per_row":"","footnotes":""},"categories":[12],"tags":[],"class_list":["post-78729","post","type-post","status-publish","format-standard","has-post-thumbnail","hentry","category-policia"],"_links":{"self":[{"href":"https:\/\/www.caririemacao.com\/1\/wp-json\/wp\/v2\/posts\/78729","targetHints":{"allow":["GET"]}}],"collection":[{"href":"https:\/\/www.caririemacao.com\/1\/wp-json\/wp\/v2\/posts"}],"about":[{"href":"https:\/\/www.caririemacao.com\/1\/wp-json\/wp\/v2\/types\/post"}],"author":[{"embeddable":true,"href":"https:\/\/www.caririemacao.com\/1\/wp-json\/wp\/v2\/users\/1"}],"replies":[{"embeddable":true,"href":"https:\/\/www.caririemacao.com\/1\/wp-json\/wp\/v2\/comments?post=78729"}],"version-history":[{"count":1,"href":"https:\/\/www.caririemacao.com\/1\/wp-json\/wp\/v2\/posts\/78729\/revisions"}],"predecessor-version":[{"id":78731,"href":"https:\/\/www.caririemacao.com\/1\/wp-json\/wp\/v2\/posts\/78729\/revisions\/78731"}],"wp:featuredmedia":[{"embeddable":true,"href":"https:\/\/www.caririemacao.com\/1\/wp-json\/wp\/v2\/media\/78730"}],"wp:attachment":[{"href":"https:\/\/www.caririemacao.com\/1\/wp-json\/wp\/v2\/media?parent=78729"}],"wp:term":[{"taxonomy":"category","embeddable":true,"href":"https:\/\/www.caririemacao.com\/1\/wp-json\/wp\/v2\/categories?post=78729"},{"taxonomy":"post_tag","embeddable":true,"href":"https:\/\/www.caririemacao.com\/1\/wp-json\/wp\/v2\/tags?post=78729"}],"curies":[{"name":"wp","href":"https:\/\/api.w.org\/{rel}","templated":true}]}}