{"id":78737,"date":"2018-12-29T11:20:30","date_gmt":"2018-12-29T14:20:30","guid":{"rendered":"http:\/\/www.caririemacao.com\/1\/?p=78737"},"modified":"2018-12-29T11:20:30","modified_gmt":"2018-12-29T14:20:30","slug":"urgente-bolsonaro-anuncia-decreto-para-dar-posse-de-arma-de-fogo-a-quem-nao-tem-antecedente-criminal","status":"publish","type":"post","link":"https:\/\/www.caririemacao.com\/1\/2018\/12\/29\/urgente-bolsonaro-anuncia-decreto-para-dar-posse-de-arma-de-fogo-a-quem-nao-tem-antecedente-criminal\/","title":{"rendered":"Urgente: Bolsonaro anuncia decreto para dar posse de arma de fogo a quem n\u00e3o tem antecedente criminal"},"content":{"rendered":"<div class=\"mc-column\" data-block-id=\"0\" data-block-type=\"embed-social-twitter\">\n<div class=\"SandboxRoot env-bp-350\" style=\"background: 0px 0px; font: 16px\/1.4 Helvetica, Roboto, 'Segoe UI', Calibri, sans-serif; text-align: left; color: #1c2022; display: block; position: relative; direction: ltr; max-height: 10000px; font-size-adjust: none; font-stretch: normal;\" data-twitter-event-id=\"0\">\n<div id=\"twitter-widget-0\" class=\"EmbeddedTweet js-clickToOpenTarget tweet-InformationCircle-widgetParent\" lang=\"en\" data-twitter-event-id=\"1\" data-scribe=\"page:tweet\" data-iframe-title=\"Twitter Tweet\" data-click-to-open-target=\"https:\/\/twitter.com\/jairbolsonaro\/status\/1079006352503201792\">\n<div class=\"EmbeddedTweet-tweetContainer\">\n<div class=\"EmbeddedTweet-tweet\">\n<blockquote class=\"Tweet h-entry js-tweetIdInfo subject expanded\" cite=\"https:\/\/twitter.com\/jairbolsonaro\/status\/1079006352503201792\" data-tweet-id=\"1079006352503201792\" data-scribe=\"section:subject\">\n<div class=\"Tweet-header\"><a class=\"TweetAuthor-avatar  Identity-avatar u-linkBlend\" href=\"https:\/\/twitter.com\/jairbolsonaro\" aria-label=\"Jair M. Bolsonaro (screen name: jairbolsonaro)\" data-scribe=\"element:user_link\"><img decoding=\"async\" class=\"Avatar lazyload\" data-src=\"https:\/\/pbs.twimg.com\/profile_images\/1057631480459886595\/9VPdGJJz_normal.jpg\" alt=\"\" data-scribe=\"element:avatar\" data-src-1x=\"https:\/\/pbs.twimg.com\/profile_images\/1057631480459886595\/9VPdGJJz_normal.jpg\" data-src-2x=\"https:\/\/pbs.twimg.com\/profile_images\/1057631480459886595\/9VPdGJJz_bigger.jpg\" src=\"data:image\/svg+xml;base64,PHN2ZyB3aWR0aD0iMSIgaGVpZ2h0PSIxIiB4bWxucz0iaHR0cDovL3d3dy53My5vcmcvMjAwMC9zdmciPjwvc3ZnPg==\" \/><\/a><\/p>\n<div class=\"u-hiddenVisually js-aBScribingTarget\" aria-hidden=\"true\" data-experiment-keys=\"tfw_normalized_tweet_holdback_6979\"><\/div>\n<div class=\"TweetAuthor js-inViewportScribingTarget\" data-scribe=\"component:author\">\n<div class=\"TweetAuthor-nameScreenNameContainer\"><span class=\"TweetAuthor-decoratedName\"><span class=\"TweetAuthor-name Identity-name customisable-highlight\" title=\"Jair M. Bolsonaro\" data-scribe=\"element:name\">Jair M. Bolsonaro<\/span><\/span><\/p>\n<div class=\"Icon Icon--verified \" style=\"width: 1.11em; height: 1.25em; vertical-align: text-bottom; display: inline-block; background-repeat: no-repeat; background-size: contain;\" title=\"Verified Account\" role=\"img\" aria-label=\"Verified Account\"><\/div>\n<p><span class=\"TweetAuthor-decoratedName\"><span class=\"TweetAuthor-verifiedBadge\" data-scribe=\"element:verified_badge\"><b class=\"u-hiddenVisually\">&#x2714;<\/b><\/span><\/span><span class=\"TweetAuthor-screenName Identity-screenName\" dir=\"ltr\" title=\"@jairbolsonaro\" data-scribe=\"element:screen_name\">@jairbolsonaro<\/span><\/div>\n<\/div>\n<div class=\"Tweet-brand\">\n<div class=\"Icon Icon--twitter \" style=\"width: 1.25em; height: 1.25em; vertical-align: text-bottom; display: inline-block; background-repeat: no-repeat; background-size: contain;\" title=\"View on Twitter\" role=\"presentation\" aria-label=\"View on Twitter\"><\/div>\n<\/div>\n<\/div>\n<div class=\"Tweet-body e-entry-content\" data-scribe=\"component:tweet\">\n<div class=\"u-hiddenVisually js-inViewportScribingTarget\"><\/div>\n<p class=\"Tweet-text e-entry-title\" dir=\"ltr\" lang=\"pt\">Por decreto pretendemos garantir a POSSE de arma de fogo para o cidad\u00e3o sem antecedentes criminais, bem como tornar seu registo definitivo.<\/p>\n<div class=\"Tweet-metadata dateline\"><\/div>\n<\/div>\n<\/blockquote>\n<\/div>\n<\/div>\n<\/div>\n<\/div>\n<\/div>\n<div class=\"mc-column mc-side-item__container\" data-block-id=\"1\" data-block-type=\"ads\">\n<div class=\"mc-side-item mc-side-item--right content-ads content-ads--side-ad\">\n<div id=\"banner_materia1\" class=\"tag-manager-publicidade-container tag-manager-publicidade-banner_materia1 tag-manager-publicidade-container--carregado tag-manager-publicidade-container--visivel\" data-lid=\"4894046846\" data-cid=\"138254564598\" data-google-query-id=\"CK_uioydxd8CFQx0wQodHDQFYg\">\n<div id=\"google_ads_iframe_\/95377733\/tvg_G1\/Politica_1__container__\"><\/div>\n<\/div>\n<\/div>\n<\/div>\n<div class=\"mc-column content-text active-extra-styles active-capital-letter\" data-block-id=\"2\" data-block-type=\"unstyled\" data-block-weight=\"29\">\n<p class=\"content-text__container theme-color-primary-first-letter\" data-track-links=\"\" data-track-category=\"Link no Texto\">O presidente eleito, Jair Bolsonaro, escreveu neste s\u00e1bado (29) no Twitter que pretende garantir por meio de decreto a posse de armas de fogo a cidad\u00e3o sem antecedentes criminais.<\/p>\n<\/div>\n<div class=\"wall protected-content\">\n<div class=\"mc-column content-text active-extra-styles \" data-block-id=\"3\" data-block-type=\"unstyled\" data-block-weight=\"27\">\n<p class=\"content-text__container \" data-track-links=\"\" data-track-category=\"Link no Texto\">A posse d\u00e1 ao cidad\u00e3o o direito de manter a arma em casa. Para sair de casa com a arma, \u00e9 preciso ter autoriza\u00e7\u00e3o para o porte.<\/p>\n<\/div>\n<div class=\"mc-column content-text active-extra-styles \" data-block-id=\"4\" data-block-type=\"unstyled\" data-block-weight=\"24\">\n<p class=\"content-text__container \" data-track-links=\"\" data-track-category=\"Link no Texto\">&#8220;Por decreto pretendemos garantir a posse de arma de fogo para o cidad\u00e3o sem antecedentes criminais, bem como tornar seu registro definitivo&#8221;, afirmou Bolsonaro.<\/p>\n<\/div>\n<div class=\"mc-column content-text active-extra-styles \" data-block-id=\"5\" data-block-type=\"unstyled\" data-block-weight=\"18\">\n<p class=\"content-text__container \" data-track-links=\"\" data-track-category=\"Link no Texto\">Quando ainda era candidato, Bolsonaro<span class=\"Apple-converted-space\">\u00a0<\/span>afirmou em seu plano de governo<span class=\"Apple-converted-space\">\u00a0<\/span>que pretende reformular o Estatuto do Desarmamento.<\/p>\n<\/div>\n<div class=\"mc-column content-text active-extra-styles \" data-block-id=\"6\" data-block-type=\"unstyled\" data-block-weight=\"47\">\n<p class=\"content-text__container \" data-track-links=\"\" data-track-category=\"Link no Texto\">Em declara\u00e7\u00f5es p\u00fablicas, ele se disse a favor de facilitar a posse de armas de fogo para garantir o direito \u00e0 leg\u00edtima defesa para quem chama de \u201ccidad\u00e3o de bem\u201d. Mas n\u00e3o especificou no plano de governo ou em suas falas quais mudan\u00e7as pretende fazer no Estatuto.<\/p>\n<\/div>\n<div class=\"mc-column content-text active-extra-styles \" data-block-id=\"7\" data-block-type=\"unstyled\" data-block-weight=\"35\">\n<p class=\"content-text__container \" data-track-links=\"\" data-track-category=\"Link no Texto\">No Twitter, Bolsonaro n\u00e3o deu detalhes sobre o decreto. Em falas anteriores nas redes sociais, o presidente eleito j\u00e1 havia defendido que o &#8220;cidad\u00e3o de bem&#8221; possa, &#8220;com algumas poucas exig\u00eancias&#8221;, ter arma em casa.<\/p>\n<\/div>\n<div class=\"mc-column content-text active-extra-styles \" data-block-id=\"8\" data-block-type=\"unstyled\" data-block-weight=\"17\">\n<p class=\"content-text__container \" data-track-links=\"\" data-track-category=\"Link no Texto\">Atualmente, o Estatuto do Desarmamento permite a compra e, em condi\u00e7\u00f5es mais restritas, o porte de armas.<\/p>\n<\/div>\n<div class=\"mc-column content-text active-extra-styles \" data-block-id=\"9\" data-block-type=\"unstyled\" data-block-weight=\"15\">\n<p class=\"content-text__container \" data-track-links=\"\" data-track-category=\"Link no Texto\">As autoriza\u00e7\u00f5es s\u00e3o concedidas pela Pol\u00edcia Federal. As exig\u00eancias para compra (posse) s\u00e3o as seguintes:<\/p>\n<\/div>\n<div class=\"mc-column content-text active-extra-styles\" data-block-id=\"10\" data-block-type=\"raw\" data-block-weight=\"67\">\n<ul class=\"content-unordered-list\">\n<li>Ter ao menos 25 anos<\/li>\n<li>Ter ocupa\u00e7\u00e3o l\u00edcita<\/li>\n<li>Justificar a &#8220;efetiva necessidade&#8221; de ter uma arma<\/li>\n<li>N\u00e3o estar respondendo a inqu\u00e9rito policial ou processo criminal<\/li>\n<li>N\u00e3o ter antecedentes criminais nas justi\u00e7as Federal, Estadual (incluindo juizados), Militar e Eleitoral<\/li>\n<li>Comprovar aptid\u00e3o psicol\u00f3gica e t\u00e9cnica para usar arma de fogo<\/li>\n<li>Apresentar foto 3 x 4, c\u00f3pias autenticadas ou original e c\u00f3pia de RG e CPF, e comprovante de resid\u00eancia<\/li>\n<\/ul>\n<\/div>\n<div data-track-category=\"multicontent\" data-track-scroll=\"view\" data-track-noninteraction=\"false\" data-track-action=\"ultimo chunk conteudo\">\n<div class=\"mc-column content-text active-extra-styles \" data-block-id=\"11\" data-block-type=\"unstyled\" data-block-weight=\"35\">\n<p class=\"content-text__container \" data-track-links=\"\" data-track-category=\"Link no Texto\">Al\u00e9m disso, o Estatuto do Desarmamento prev\u00ea que a comprova\u00e7\u00e3o de antecedentes criminais, inqu\u00e9ritos e processos, de atividade l\u00edcita e de capacidade t\u00e9cnica e psicol\u00f3gica seja feita periodicamente em &#8220;per\u00edodo n\u00e3o inferior a 3 anos&#8221;.<\/p>\n<\/div>\n<\/div>\n<\/div>\n<div class=\"tag-manager-publicidade-container has-reveal has-ad-lazyload tag-manager-publicidade-banner_materia2 tag-manager-publicidade-container--carregado tag-manager-publicidade-container--visivel\" data-id=\"banner_materia2\" data-lid=\"4895343481\" data-cid=\"138254793552\" data-google-query-id=\"CNaP7Y2dxd8CFQVVwQod3nAL5A\"><\/div>\n<div data-id=\"banner_materia2\" data-lid=\"4895343481\" data-cid=\"138254793552\" data-google-query-id=\"CNaP7Y2dxd8CFQVVwQod3nAL5A\"><\/div>\n<div data-id=\"banner_materia2\" data-lid=\"4895343481\" data-cid=\"138254793552\" data-google-query-id=\"CNaP7Y2dxd8CFQVVwQod3nAL5A\">G1<\/div>\n","protected":false},"excerpt":{"rendered":"<p>Jair M. Bolsonaro &#x2714;@jairbolsonaro Por decreto pretendemos garantir a POSSE de arma de fogo para o cidad\u00e3o sem antecedentes criminais, bem como tornar seu registo&hellip; <\/p>\n","protected":false},"author":1,"featured_media":64090,"comment_status":"closed","ping_status":"closed","sticky":false,"template":"","format":"standard","meta":{"sfsi_plus_gutenberg_text_before_share":"","sfsi_plus_gutenberg_show_text_before_share":"","sfsi_plus_gutenberg_icon_type":"","sfsi_plus_gutenberg_icon_alignemt":"","sfsi_plus_gutenburg_max_per_row":"","footnotes":""},"categories":[50,11],"tags":[],"class_list":["post-78737","post","type-post","status-publish","format-standard","has-post-thumbnail","hentry","category-destaque","category-politica"],"_links":{"self":[{"href":"https:\/\/www.caririemacao.com\/1\/wp-json\/wp\/v2\/posts\/78737","targetHints":{"allow":["GET"]}}],"collection":[{"href":"https:\/\/www.caririemacao.com\/1\/wp-json\/wp\/v2\/posts"}],"about":[{"href":"https:\/\/www.caririemacao.com\/1\/wp-json\/wp\/v2\/types\/post"}],"author":[{"embeddable":true,"href":"https:\/\/www.caririemacao.com\/1\/wp-json\/wp\/v2\/users\/1"}],"replies":[{"embeddable":true,"href":"https:\/\/www.caririemacao.com\/1\/wp-json\/wp\/v2\/comments?post=78737"}],"version-history":[{"count":1,"href":"https:\/\/www.caririemacao.com\/1\/wp-json\/wp\/v2\/posts\/78737\/revisions"}],"predecessor-version":[{"id":78738,"href":"https:\/\/www.caririemacao.com\/1\/wp-json\/wp\/v2\/posts\/78737\/revisions\/78738"}],"wp:featuredmedia":[{"embeddable":true,"href":"https:\/\/www.caririemacao.com\/1\/wp-json\/wp\/v2\/media\/64090"}],"wp:attachment":[{"href":"https:\/\/www.caririemacao.com\/1\/wp-json\/wp\/v2\/media?parent=78737"}],"wp:term":[{"taxonomy":"category","embeddable":true,"href":"https:\/\/www.caririemacao.com\/1\/wp-json\/wp\/v2\/categories?post=78737"},{"taxonomy":"post_tag","embeddable":true,"href":"https:\/\/www.caririemacao.com\/1\/wp-json\/wp\/v2\/tags?post=78737"}],"curies":[{"name":"wp","href":"https:\/\/api.w.org\/{rel}","templated":true}]}}