{"id":78749,"date":"2018-12-29T12:08:22","date_gmt":"2018-12-29T15:08:22","guid":{"rendered":"http:\/\/www.caririemacao.com\/1\/?p=78749"},"modified":"2018-12-29T12:08:22","modified_gmt":"2018-12-29T15:08:22","slug":"coordenador-de-esportes-de-ss-do-umbuzeiro-participa-de-congresso-tecnico-da-copa-cariri-de-futsal-2019","status":"publish","type":"post","link":"https:\/\/www.caririemacao.com\/1\/2018\/12\/29\/coordenador-de-esportes-de-ss-do-umbuzeiro-participa-de-congresso-tecnico-da-copa-cariri-de-futsal-2019\/","title":{"rendered":"Coordenador de Esportes de SS do Umbuzeiro participa de Congresso T\u00e9cnico da Copa Cariri de Futsal 2019"},"content":{"rendered":"<p>Na manh\u00e3 do \u00faltimo s\u00e1bado, o coordenador de Esportes de S\u00e3o Sebasti\u00e3o do Umbuzeiro, Lel\u00e9 Figueiredo, participou na cidade de Cabaceiras do Congresso T\u00e9cnico da Copa Cariri de Futsal 2019.<\/p>\n<p>O evento teve por objetivo tratar de assuntos relacionados ao in\u00edcio do calend\u00e1rio esportivo para a realiza\u00e7\u00e3o da 8\u00aa edi\u00e7\u00e3o da Copa Cariri de Futsal e a participa\u00e7\u00e3o do munic\u00edpio na Copa.<\/p>\n<p>A reuni\u00e3o contou com a presen\u00e7a dos representantes das equipes de futsal de todo o cariri paraibano e a participa\u00e7\u00e3o especial do goleiro Santos, que \u00e9\u00a0\u00a0jogador\u00a0\u00a0do time do Athl\u00e9tico Paranaense, recentemente campe\u00e3o da Copa Sulamericana.<\/p>\n<p><strong>Com BLOG DO DIDI<\/strong><\/p>\n","protected":false},"excerpt":{"rendered":"<p>Na manh\u00e3 do \u00faltimo s\u00e1bado, o coordenador de Esportes de S\u00e3o Sebasti\u00e3o do Umbuzeiro, Lel\u00e9 Figueiredo, participou na cidade de Cabaceiras do Congresso T\u00e9cnico da&hellip; <\/p>\n","protected":false},"author":1,"featured_media":78750,"comment_status":"closed","ping_status":"closed","sticky":false,"template":"","format":"standard","meta":{"sfsi_plus_gutenberg_text_before_share":"","sfsi_plus_gutenberg_show_text_before_share":"","sfsi_plus_gutenberg_icon_type":"","sfsi_plus_gutenberg_icon_alignemt":"","sfsi_plus_gutenburg_max_per_row":"","footnotes":""},"categories":[6],"tags":[],"class_list":["post-78749","post","type-post","status-publish","format-standard","has-post-thumbnail","hentry","category-cidades"],"_links":{"self":[{"href":"https:\/\/www.caririemacao.com\/1\/wp-json\/wp\/v2\/posts\/78749","targetHints":{"allow":["GET"]}}],"collection":[{"href":"https:\/\/www.caririemacao.com\/1\/wp-json\/wp\/v2\/posts"}],"about":[{"href":"https:\/\/www.caririemacao.com\/1\/wp-json\/wp\/v2\/types\/post"}],"author":[{"embeddable":true,"href":"https:\/\/www.caririemacao.com\/1\/wp-json\/wp\/v2\/users\/1"}],"replies":[{"embeddable":true,"href":"https:\/\/www.caririemacao.com\/1\/wp-json\/wp\/v2\/comments?post=78749"}],"version-history":[{"count":1,"href":"https:\/\/www.caririemacao.com\/1\/wp-json\/wp\/v2\/posts\/78749\/revisions"}],"predecessor-version":[{"id":78751,"href":"https:\/\/www.caririemacao.com\/1\/wp-json\/wp\/v2\/posts\/78749\/revisions\/78751"}],"wp:featuredmedia":[{"embeddable":true,"href":"https:\/\/www.caririemacao.com\/1\/wp-json\/wp\/v2\/media\/78750"}],"wp:attachment":[{"href":"https:\/\/www.caririemacao.com\/1\/wp-json\/wp\/v2\/media?parent=78749"}],"wp:term":[{"taxonomy":"category","embeddable":true,"href":"https:\/\/www.caririemacao.com\/1\/wp-json\/wp\/v2\/categories?post=78749"},{"taxonomy":"post_tag","embeddable":true,"href":"https:\/\/www.caririemacao.com\/1\/wp-json\/wp\/v2\/tags?post=78749"}],"curies":[{"name":"wp","href":"https:\/\/api.w.org\/{rel}","templated":true}]}}