{"id":78758,"date":"2018-12-29T13:22:16","date_gmt":"2018-12-29T16:22:16","guid":{"rendered":"http:\/\/www.caririemacao.com\/1\/?p=78758"},"modified":"2018-12-29T13:22:16","modified_gmt":"2018-12-29T16:22:16","slug":"justica-cancela-eleicao-da-camara-de-gurjao","status":"publish","type":"post","link":"https:\/\/www.caririemacao.com\/1\/2018\/12\/29\/justica-cancela-eleicao-da-camara-de-gurjao\/","title":{"rendered":"Justi\u00e7a cancela elei\u00e7\u00e3o da C\u00e2mara de Gurj\u00e3o"},"content":{"rendered":"<p>A elei\u00e7\u00e3o para mesa diretora da C\u00e2mara Municipal de Gurj\u00e3o bi\u00eanio 2019\/2020 foi cancelada por ordem do Juiz plantonista Diego Garcia Oliveira de Juazeirinho. A decis\u00e3o torna nula a elei\u00e7\u00e3o realizada na \u00faltima quinta-feira (27) em que o vereador Robson venceu com apoio do atual presidente Adailson (candidato a vice-presidente na chapa encabe\u00e7ada por Robson).<br \/>\nO principal motivo que levou a anula\u00e7\u00e3o da elei\u00e7\u00e3o foi a n\u00e3o observa\u00e7\u00e3o da Lei Org\u00e2nica do Munic\u00edpio e do Regimento Interno da C\u00e2mara que deixam clara a necessidade de voto aberto e p\u00fablico na elei\u00e7\u00e3o para a mesa diretora do legislativo. Na elei\u00e7\u00e3o realizada na quinta o atual presidente n\u00e3o permitiu a realiza\u00e7\u00e3o do voto aberto, exigindo o voto secreto.<br \/>\nA chapa derrotada nessa elei\u00e7\u00e3o at\u00edpica tinha por candidata a presidente a vereadora Maria Elizete e contava com apoio p\u00fablico de mais quatro vereadores, fazendo assim a maioria. Esses cinco vereadores estiveram unidos durante todo o processo, estando juntos, inclusive, na ocasi\u00e3o do recebimento da decis\u00e3o judicial.<br \/>\nCom a decis\u00e3o, uma nova elei\u00e7\u00e3o deve ser realizada at\u00e9 o dia 31 de dezembro, desta vez com voto aberto como estabelece o regimento interno da casa e a lei org\u00e2nica do munic\u00edpio.<\/p>\n","protected":false},"excerpt":{"rendered":"<p>A elei\u00e7\u00e3o para mesa diretora da C\u00e2mara Municipal de Gurj\u00e3o bi\u00eanio 2019\/2020 foi cancelada por ordem do Juiz plantonista Diego Garcia Oliveira de Juazeirinho. A&hellip; <\/p>\n","protected":false},"author":1,"featured_media":25292,"comment_status":"closed","ping_status":"closed","sticky":false,"template":"","format":"standard","meta":{"sfsi_plus_gutenberg_text_before_share":"","sfsi_plus_gutenberg_show_text_before_share":"","sfsi_plus_gutenberg_icon_type":"","sfsi_plus_gutenberg_icon_alignemt":"","sfsi_plus_gutenburg_max_per_row":"","footnotes":""},"categories":[6],"tags":[],"class_list":["post-78758","post","type-post","status-publish","format-standard","has-post-thumbnail","hentry","category-cidades"],"_links":{"self":[{"href":"https:\/\/www.caririemacao.com\/1\/wp-json\/wp\/v2\/posts\/78758","targetHints":{"allow":["GET"]}}],"collection":[{"href":"https:\/\/www.caririemacao.com\/1\/wp-json\/wp\/v2\/posts"}],"about":[{"href":"https:\/\/www.caririemacao.com\/1\/wp-json\/wp\/v2\/types\/post"}],"author":[{"embeddable":true,"href":"https:\/\/www.caririemacao.com\/1\/wp-json\/wp\/v2\/users\/1"}],"replies":[{"embeddable":true,"href":"https:\/\/www.caririemacao.com\/1\/wp-json\/wp\/v2\/comments?post=78758"}],"version-history":[{"count":1,"href":"https:\/\/www.caririemacao.com\/1\/wp-json\/wp\/v2\/posts\/78758\/revisions"}],"predecessor-version":[{"id":78759,"href":"https:\/\/www.caririemacao.com\/1\/wp-json\/wp\/v2\/posts\/78758\/revisions\/78759"}],"wp:featuredmedia":[{"embeddable":true,"href":"https:\/\/www.caririemacao.com\/1\/wp-json\/wp\/v2\/media\/25292"}],"wp:attachment":[{"href":"https:\/\/www.caririemacao.com\/1\/wp-json\/wp\/v2\/media?parent=78758"}],"wp:term":[{"taxonomy":"category","embeddable":true,"href":"https:\/\/www.caririemacao.com\/1\/wp-json\/wp\/v2\/categories?post=78758"},{"taxonomy":"post_tag","embeddable":true,"href":"https:\/\/www.caririemacao.com\/1\/wp-json\/wp\/v2\/tags?post=78758"}],"curies":[{"name":"wp","href":"https:\/\/api.w.org\/{rel}","templated":true}]}}