{"id":78764,"date":"2018-12-29T13:27:42","date_gmt":"2018-12-29T16:27:42","guid":{"rendered":"http:\/\/www.caririemacao.com\/1\/?p=78764"},"modified":"2018-12-29T13:27:42","modified_gmt":"2018-12-29T16:27:42","slug":"balanco-governo-de-ricardo-investiu-r-225-milhoes-em-rodovias-no-ano-de-2018","status":"publish","type":"post","link":"https:\/\/www.caririemacao.com\/1\/2018\/12\/29\/balanco-governo-de-ricardo-investiu-r-225-milhoes-em-rodovias-no-ano-de-2018\/","title":{"rendered":"Balan\u00e7o: governo de Ricardo investiu R$ 225 milh\u00f5es em rodovias no ano de 2018"},"content":{"rendered":"<p>O Governo do Estado investiu no setor de infraestrutura vi\u00e1ria R$ 225,6 milh\u00f5es em 2018, contemplando munic\u00edpios do Litoral ao Sert\u00e3o com obras de restaura\u00e7\u00e3o, pavimenta\u00e7\u00e3o e servi\u00e7os, com um total de 247,3 km de extens\u00e3o, muitas das quais de mobilidade urbana.<\/p>\n<p>O superintendente do Departamento de Estradas de Rodagem da Para\u00edba, Carlos Pereira de Carvalho e Silva disse que, neste \u00faltimo ano da\u00a0\u00a0administra\u00e7\u00e3o Ricardo Coutinho, o DER desenvolveu um significativo programa de infraestrutura vi\u00e1ria, dentro dos programas Caminhos da Para\u00edba, Estrada Segura e Mais Trabalho I e II, com pavimenta\u00e7\u00e3o, restaura\u00e7\u00e3o e outros\u00a0\u00a0servi\u00e7os, destacando-se as in\u00fameras obras de mobilidade urbana, beneficiando diversas cidades com pavimenta\u00e7\u00e3o de travessias urbanas e pontes.<\/p>\n<div class=\"td-a-rec td-a-rec-id-content_inline  \">\n<div id=\"paszonecont_131331\" class=\"paszone_container paszone-container-131331   \">\n<div class=\"pasinfotxt above\"><\/div>\n<div id=\"131331\" class=\"wppaszone proadszone-131331 \">\n<div class=\"wppasrotate   proadszoneholder-131331\">\n<div class=\"pasli pasli-131329 \">Al\u00e9m das obras de infraestruturas vi\u00e1rias, o superintendente destaca que em 2018 o DER desenvolveu um intenso programa com a opera\u00e7\u00e3o tapa buraco, ro\u00e7o e outros servi\u00e7os, em rodovias do Litoral ao Sert\u00e3o, por meio da empresa contratada Souza Reis e por administra\u00e7\u00e3o direta por meio das suas oito Resid\u00eancias Rodovi\u00e1rias: Sap\u00e9, Itabaiana, Sol\u00e2nea, Campina Grande, Patos, Sum\u00e9, Itaporanga\u00a0\u00a0e Cajazeiras.<\/div>\n<\/div>\n<\/div>\n<\/div>\n<\/div>\n<p>Em 2018, foram conclu\u00eddas as obras de pavimenta\u00e7\u00e3o das rodovias: PB-224 \u2013 S\u00e3o Jo\u00e3o do Tigre\/Camala\u00fa; PB-138 \u2013 Catol\u00e9 de Boa Vista\/Boa Vista; Avenida Jair Cunha Cavalcante; BR-230 \u2013 Bin\u00e1rio de Juazeirinho; Via Litor\u00e2nea da Costa do Conde; PB-186 \u2013 Cara\u00fabas\/S\u00e3o Domingos do Cariri; Perimetral Sul: BR-101\/Valentina\/PB008, inclusive ilumina\u00e7\u00e3o; PB-073 \u2013 Bin\u00e1rio de Sap\u00e9 em pista dupla; duplica\u00e7\u00e3o do acesso ao Aeroporto Castro Pinto, inclusive rua lateral do RCMec e ilumina\u00e7\u00e3o; Travessia de Esperan\u00e7a; Travessia de Tapero\u00e1; Travessia de Pitimbu e recupera\u00e7\u00e3o Pitimbu\/Aca\u00fa; Travessia de Monteiro e acesso aoaeroporto; Travessia de S\u00e3o Jos\u00e9 de Piranhas; acesso ao Campus da UFCG em Cuit\u00e9 e Bin\u00e1rio de Lagoa Seca.<\/p>\n<div class=\"google-auto-placed ap_container\"><\/div>\n<p>Foram conclu\u00eddas e inauguradas as obras de restaura\u00e7\u00e3o das rodovias PB-018:BR-101\/Conde\/Jacum\u00e3; PB-417 \u2013 Entroncamento da BR-230\/Bom Jesus; PB-041-Mamanguape\/Rio Tinto; PB-087- Borborema\/Entroncamento da PB-105\/ PB-044 \u2013 BR-101\/Caapor\u00e3\/Entroncamento da PB-008; PB-008 \u2013 Via Litor\u00e2nea de Intermares, inclusive acesso para Praia de Jacar\u00e9; Requalifica\u00e7\u00e3o de vias de acesso na cidade de Sousa; PB-057 \u2013 Mamanguape\/Ara\u00e7agi\/Guarabira; Travessia Urbana de S\u00e3o Jo\u00e3o do Rio do Peixe e Travessia de Catol\u00e9 do Rocha e acesso a UEPB.<\/p>\n<p>Tamb\u00e9m conclu\u00eddas em 2018 outras obras e servi\u00e7os como regulariza\u00e7\u00e3o e amplia\u00e7\u00e3o da pista de pouso\/decolagem do aer\u00f3dromo de Monteiro; Passarela sobre o Rio da Cruz em Patos; Passarela do IESP na BR-230; Passagem Molhada entre Coxixola\/Congo; Passagem Molhada em Barra de S\u00e3o Miguel\/Cabaceiras; constru\u00e7\u00e3o de ponte na Ba\u00eda da Trai\u00e7\u00e3o \u2013 Aldeia S\u00e3o Miguel e pontilh\u00e3o sobre o Rio Riacho Rancho do Povo, ba PB-323 entre Catol\u00e9 do Rocha e Brejo do Cruz.<\/p>\n<div class=\"google-auto-placed ap_container\"><\/div>\n<p>As obras no setor de infraestrutura vi\u00e1ria que est\u00e3o em andamento e que ser\u00e3o conclu\u00eddas em 2019 s\u00e3o as seguintes: pavimenta\u00e7\u00e3o: PB-082 \u2013 Pilar\/Itabaiana. Restaura\u00e7\u00e3o: PB-034 \u2013 BR-101\/Alhandra\/Caapor\u00e3; paviment\u00e7\u00e3o da Rua Severino Vicente Amorim, no Valentina Figueiredo; Travessia de Areia de Bara\u00fana; acesso \u00e0 Comunidade do Grilo \u2013 em paralelep\u00edpedo; PB-008 \u2013 Costinha\/Lucena (Rua David Falc\u00e3o\/PB-025) e servi\u00e7os de manuten\u00e7\u00e3o da malha rodovi\u00e1ria em toda sua extens\u00e3o, por meio do Programa Estrada Segura.<\/p>\n","protected":false},"excerpt":{"rendered":"<p>O Governo do Estado investiu no setor de infraestrutura vi\u00e1ria R$ 225,6 milh\u00f5es em 2018, contemplando munic\u00edpios do Litoral ao Sert\u00e3o com obras de restaura\u00e7\u00e3o,&hellip; <\/p>\n","protected":false},"author":1,"featured_media":47353,"comment_status":"closed","ping_status":"closed","sticky":false,"template":"","format":"standard","meta":{"sfsi_plus_gutenberg_text_before_share":"","sfsi_plus_gutenberg_show_text_before_share":"","sfsi_plus_gutenberg_icon_type":"","sfsi_plus_gutenberg_icon_alignemt":"","sfsi_plus_gutenburg_max_per_row":"","footnotes":""},"categories":[11],"tags":[],"class_list":["post-78764","post","type-post","status-publish","format-standard","has-post-thumbnail","hentry","category-politica"],"_links":{"self":[{"href":"https:\/\/www.caririemacao.com\/1\/wp-json\/wp\/v2\/posts\/78764","targetHints":{"allow":["GET"]}}],"collection":[{"href":"https:\/\/www.caririemacao.com\/1\/wp-json\/wp\/v2\/posts"}],"about":[{"href":"https:\/\/www.caririemacao.com\/1\/wp-json\/wp\/v2\/types\/post"}],"author":[{"embeddable":true,"href":"https:\/\/www.caririemacao.com\/1\/wp-json\/wp\/v2\/users\/1"}],"replies":[{"embeddable":true,"href":"https:\/\/www.caririemacao.com\/1\/wp-json\/wp\/v2\/comments?post=78764"}],"version-history":[{"count":1,"href":"https:\/\/www.caririemacao.com\/1\/wp-json\/wp\/v2\/posts\/78764\/revisions"}],"predecessor-version":[{"id":78765,"href":"https:\/\/www.caririemacao.com\/1\/wp-json\/wp\/v2\/posts\/78764\/revisions\/78765"}],"wp:featuredmedia":[{"embeddable":true,"href":"https:\/\/www.caririemacao.com\/1\/wp-json\/wp\/v2\/media\/47353"}],"wp:attachment":[{"href":"https:\/\/www.caririemacao.com\/1\/wp-json\/wp\/v2\/media?parent=78764"}],"wp:term":[{"taxonomy":"category","embeddable":true,"href":"https:\/\/www.caririemacao.com\/1\/wp-json\/wp\/v2\/categories?post=78764"},{"taxonomy":"post_tag","embeddable":true,"href":"https:\/\/www.caririemacao.com\/1\/wp-json\/wp\/v2\/tags?post=78764"}],"curies":[{"name":"wp","href":"https:\/\/api.w.org\/{rel}","templated":true}]}}