{"id":78781,"date":"2018-12-29T17:17:28","date_gmt":"2018-12-29T20:17:28","guid":{"rendered":"http:\/\/www.caririemacao.com\/1\/?p=78781"},"modified":"2018-12-29T17:17:28","modified_gmt":"2018-12-29T20:17:28","slug":"caravanas-se-preparam-para-a-posse-de-bolsonaro-em-brasilia","status":"publish","type":"post","link":"https:\/\/www.caririemacao.com\/1\/2018\/12\/29\/caravanas-se-preparam-para-a-posse-de-bolsonaro-em-brasilia\/","title":{"rendered":"Caravanas se preparam para a posse de Bolsonaro em Bras\u00edlia"},"content":{"rendered":"<p>A cerim\u00f4nia de posse do presidente eleito, Jair Bolsonaro, no pr\u00f3ximo dia 1\u00ba de janeiro,\u00a0em Bras\u00edlia atrair\u00e1 a aten\u00e7\u00e3o de moradores da regi\u00e3o que v\u00e3o querer acompanhar tudo de perto e nos m\u00ednimos detalhes, mas tamb\u00e9m turistas e simpatizantes do novo\u00a0governo. A previs\u00e3o \u00e9 que caravanas de v\u00e1rios locais do pa\u00eds desembarquem na capital federal j\u00e1 no fim de semana. Os n\u00fameros ainda s\u00e3o calculados.<\/p>\n<p>Com a posse presidencial, a\u00a0Secretaria de Cultura do Distrito Federal informou que o evento da virada do ano vai ser no estacionamento do Est\u00e1dio Man\u00e9 Garrincha por quest\u00f5es de seguran\u00e7a. Nos \u00faltimos anos, o r\u00e9veillon ocorreu na Esplanada dos Minist\u00e9rios. Por\u00e9m, a \u00e1rea estar\u00e1 fechada para os preparativos da posse.<\/p>\n<p>O Pal\u00e1cio do Planalto estima que a posse do presidente eleito ser\u00e1 acompanhada por 250 mil a\u00a0500 mil pessoas na Esplanada dos Minist\u00e9rios. O acesso de pedestres ser\u00e1 feito exclusivamente pela rodovi\u00e1ria, na regi\u00e3o central de Bras\u00edlia.<\/p>\n<p><strong><em>Expectativas<\/em><\/strong><\/p>\n<p>O jornalista Wilker Cavalcante disse que vai enfrentar cerca de 2 mil quil\u00f4metros do\u00a0Recife, em Pernambuco, rumo a Bras\u00edlia, junto com 50 pessoas. Segundo ele, o \u00f4nibus est\u00e1 lotado e h\u00e1 fila de espera.<\/p>\n<p>\u201c\u00c9 uma experi\u00eancia \u00fanica. Acredito que ser\u00e1 indescrit\u00edvel. \u00c9 a minha primeira posse e antes tive a oportunidade de trabalhar de frente aqui em Pernambuco, fui um dos cabe\u00e7as, na coordena\u00e7\u00e3o da campanha do Jair [Bolsonaro], aqui no estado\u201d, disse o pernambucano.<\/p>\n<p>O jornalista n\u00e3o esconde a emo\u00e7\u00e3o. \u201cVai ser uma experi\u00eancia fant\u00e1stica, a gente est\u00e1 bem ansioso para que chegue logo o dia e que Jair Bolsonaro possa demonstrar, n\u00e3o somente na fala, mas tamb\u00e9m na atitude, no seu governo e coloque em pr\u00e1tica tudo isso.\u201d<\/p>\n<p><strong><em>Fam\u00edlia<\/em><\/strong><\/p>\n<p>De uma fam\u00edlia de eleitores de Bolsonaro, o advogado Renato Ara\u00fajo tamb\u00e9m organizou uma caravana. O grupo vai sair de S\u00e3o Gon\u00e7alo, na regi\u00e3o metropolitana do Rio\u00a0de Janeiro, com destino a Bras\u00edlia. Segundo ele, o entusiasmo contagiou outras pessoas fora da sua fam\u00edlia. O advogado disse que foi colocado an\u00fancio no Facebook e rapidamente o \u00f4nibus ficou lotado com os 45 lugares ocupados.<\/p>\n<p>\u201cN\u00f3s somos uma fam\u00edlia de eleitores de Bolsonaro e, como est\u00e1vamos todos muito animados no per\u00edodo eleitoral e acompanhando a campanha dele e movidos por essa empolga\u00e7\u00e3o positiva, resolvemos ir a Bras\u00edlia acompanhar a posse e decidimos compartilhar com outros amigos e colegas\u201d, disse.<\/p>\n<p>O advogado, a fam\u00edlia e os amigos conseguiram um local para hospedagem, em Taguatinga, a 24 quil\u00f4metros da Esplanada dos Minist\u00e9rios.<\/p>\n<p><strong><em>Otimismo<\/em><\/strong><\/p>\n<p>Neste\u00a0s\u00e1bado\u00a0(29), moradores de Bras\u00edlia e visitantes aproveitaram a Esplanada dos Minist\u00e9rios fechada para carros para passear. A psicopedagoga Lisete Cerqueira, de 61 anos, levou a amiga Maria Barbosa, que veio de Curitiba, para tirar foto dos principais pontos tur\u00edsticos como o Pal\u00e1cio Itamaraty e o Congresso Nacional. Lisete conta que vai participar da posse presidencial na Esplanada com um grupo de 50 pessoas entre familiares e amigos.<\/p>\n<p>\u201cEsperamos que o nosso presidente Jair Bolsonaro lembre bastante de n\u00f3s brasileiros. Tenho confian\u00e7a de que tudo vai dar certo\u201d, disse Lisete. \u201cVenho, com orgulho, comemorar essa grande vit\u00f3ria\u201d.<\/p>\n<p>A dona de casa Maria Barbosa conta que veio visitar a amiga de inf\u00e2ncia e aproveitou para assistir \u00e0 posse. \u201cTenho esperan\u00e7a. Tenho f\u00e9 que vai melhorar pelo menos 90%\u201d.<\/p>\n<p>&nbsp;<\/p>\n<p><strong><em>Ag\u00eancia Brasil<\/em><\/strong><\/p>\n","protected":false},"excerpt":{"rendered":"<p>A cerim\u00f4nia de posse do presidente eleito, Jair Bolsonaro, no pr\u00f3ximo dia 1\u00ba de janeiro,\u00a0em Bras\u00edlia atrair\u00e1 a aten\u00e7\u00e3o de moradores da regi\u00e3o que v\u00e3o&hellip; <\/p>\n","protected":false},"author":1,"featured_media":78782,"comment_status":"closed","ping_status":"closed","sticky":false,"template":"","format":"standard","meta":{"sfsi_plus_gutenberg_text_before_share":"","sfsi_plus_gutenberg_show_text_before_share":"","sfsi_plus_gutenberg_icon_type":"","sfsi_plus_gutenberg_icon_alignemt":"","sfsi_plus_gutenburg_max_per_row":"","footnotes":""},"categories":[11],"tags":[],"class_list":["post-78781","post","type-post","status-publish","format-standard","has-post-thumbnail","hentry","category-politica"],"_links":{"self":[{"href":"https:\/\/www.caririemacao.com\/1\/wp-json\/wp\/v2\/posts\/78781","targetHints":{"allow":["GET"]}}],"collection":[{"href":"https:\/\/www.caririemacao.com\/1\/wp-json\/wp\/v2\/posts"}],"about":[{"href":"https:\/\/www.caririemacao.com\/1\/wp-json\/wp\/v2\/types\/post"}],"author":[{"embeddable":true,"href":"https:\/\/www.caririemacao.com\/1\/wp-json\/wp\/v2\/users\/1"}],"replies":[{"embeddable":true,"href":"https:\/\/www.caririemacao.com\/1\/wp-json\/wp\/v2\/comments?post=78781"}],"version-history":[{"count":1,"href":"https:\/\/www.caririemacao.com\/1\/wp-json\/wp\/v2\/posts\/78781\/revisions"}],"predecessor-version":[{"id":78783,"href":"https:\/\/www.caririemacao.com\/1\/wp-json\/wp\/v2\/posts\/78781\/revisions\/78783"}],"wp:featuredmedia":[{"embeddable":true,"href":"https:\/\/www.caririemacao.com\/1\/wp-json\/wp\/v2\/media\/78782"}],"wp:attachment":[{"href":"https:\/\/www.caririemacao.com\/1\/wp-json\/wp\/v2\/media?parent=78781"}],"wp:term":[{"taxonomy":"category","embeddable":true,"href":"https:\/\/www.caririemacao.com\/1\/wp-json\/wp\/v2\/categories?post=78781"},{"taxonomy":"post_tag","embeddable":true,"href":"https:\/\/www.caririemacao.com\/1\/wp-json\/wp\/v2\/tags?post=78781"}],"curies":[{"name":"wp","href":"https:\/\/api.w.org\/{rel}","templated":true}]}}