{"id":78784,"date":"2018-12-29T17:31:50","date_gmt":"2018-12-29T20:31:50","guid":{"rendered":"http:\/\/www.caririemacao.com\/1\/?p=78784"},"modified":"2018-12-29T17:31:50","modified_gmt":"2018-12-29T20:31:50","slug":"pesquisa-mostra-que-20-dos-pequenos-empresarios-atrasaram-algum-pagamento-por-mais-de-tres-meses-em-2018","status":"publish","type":"post","link":"https:\/\/www.caririemacao.com\/1\/2018\/12\/29\/pesquisa-mostra-que-20-dos-pequenos-empresarios-atrasaram-algum-pagamento-por-mais-de-tres-meses-em-2018\/","title":{"rendered":"Pesquisa mostra que 20% dos pequenos empres\u00e1rios atrasaram algum pagamento por mais de tr\u00eas meses em 2018"},"content":{"rendered":"<p>Al\u00e9m dos custos com o pagamento do d\u00e9cimo terceiro e outras despesas caracter\u00edsticas dessa \u00e9poca, o final de ano tamb\u00e9m traz para os empres\u00e1rios a necessidade de fazer uma an\u00e1lise sobre o desempenho de seus neg\u00f3cios ao longo do ano. Foi o que prop\u00f4s uma pesquisa realizada pelo Sebrae nacional\u00a0com 5,8 mil micros e pequenos empres\u00e1rios de todos os estados brasileiros, incluindo a Para\u00edba, que avaliaram a situa\u00e7\u00e3o de suas empresas no final de 2018.<\/p>\n<p>Entre os itens que integram a pesquisa, um deles abordou a quest\u00e3o do atraso de pagamentos durante 2018. Segundo os n\u00fameros, 24,7% dos entrevistados ouvidos admitiram que este ano atrasaram algum pagamento por mais de tr\u00eas meses. Quando a pergunta foi se o empres\u00e1rio estava, no momento da entrevista, com algum d\u00e9bito pendente h\u00e1 mais de tr\u00eas meses, 15,2% responderam que sim.<\/p>\n<div class=\"td-a-rec td-a-rec-id-content_inline  \"><span class=\"td-adspot-title\">Quanto aos motivos para o atraso, 90,7% dos empres\u00e1rios com algum d\u00e9bito atribuem \u00e0 pend\u00eancia financeira a crise econ\u00f4mica, enquanto que todos os demais motivos citados, como problemas banc\u00e1rios, falha de comunica\u00e7\u00e3o com o credor ou esquecimento, somam apenas 8%.<\/span><\/div>\n<p>Para a analista do Sebrae Para\u00edba e gestora dos projetos de servi\u00e7os financeiros da institui\u00e7\u00e3o,\u00a0M\u00e1rcia\u00a0Timotheo, os dados sobre atraso de pagamentos podem refletir, em parte, falhas no controle de pagamentos e do fluxo de caixa da empresa. Por essa raz\u00e3o, segundo ela, \u00e9 fundamental ter uma boa gest\u00e3o financeira do neg\u00f3cio, para evitar que os atrasos tragam complica\u00e7\u00f5es financeiras ainda maiores, como o ac\u00famulo de juros e multas.<\/p>\n<p>&nbsp;<\/p>\n<p>Para\u00edba J\u00e1<\/p>\n","protected":false},"excerpt":{"rendered":"<p>Al\u00e9m dos custos com o pagamento do d\u00e9cimo terceiro e outras despesas caracter\u00edsticas dessa \u00e9poca, o final de ano tamb\u00e9m traz para os empres\u00e1rios a&hellip; <\/p>\n","protected":false},"author":1,"featured_media":71138,"comment_status":"closed","ping_status":"closed","sticky":false,"template":"","format":"standard","meta":{"sfsi_plus_gutenberg_text_before_share":"","sfsi_plus_gutenberg_show_text_before_share":"","sfsi_plus_gutenberg_icon_type":"","sfsi_plus_gutenberg_icon_alignemt":"","sfsi_plus_gutenburg_max_per_row":"","footnotes":""},"categories":[2],"tags":[],"class_list":["post-78784","post","type-post","status-publish","format-standard","has-post-thumbnail","hentry","category-geral"],"_links":{"self":[{"href":"https:\/\/www.caririemacao.com\/1\/wp-json\/wp\/v2\/posts\/78784","targetHints":{"allow":["GET"]}}],"collection":[{"href":"https:\/\/www.caririemacao.com\/1\/wp-json\/wp\/v2\/posts"}],"about":[{"href":"https:\/\/www.caririemacao.com\/1\/wp-json\/wp\/v2\/types\/post"}],"author":[{"embeddable":true,"href":"https:\/\/www.caririemacao.com\/1\/wp-json\/wp\/v2\/users\/1"}],"replies":[{"embeddable":true,"href":"https:\/\/www.caririemacao.com\/1\/wp-json\/wp\/v2\/comments?post=78784"}],"version-history":[{"count":1,"href":"https:\/\/www.caririemacao.com\/1\/wp-json\/wp\/v2\/posts\/78784\/revisions"}],"predecessor-version":[{"id":78785,"href":"https:\/\/www.caririemacao.com\/1\/wp-json\/wp\/v2\/posts\/78784\/revisions\/78785"}],"wp:featuredmedia":[{"embeddable":true,"href":"https:\/\/www.caririemacao.com\/1\/wp-json\/wp\/v2\/media\/71138"}],"wp:attachment":[{"href":"https:\/\/www.caririemacao.com\/1\/wp-json\/wp\/v2\/media?parent=78784"}],"wp:term":[{"taxonomy":"category","embeddable":true,"href":"https:\/\/www.caririemacao.com\/1\/wp-json\/wp\/v2\/categories?post=78784"},{"taxonomy":"post_tag","embeddable":true,"href":"https:\/\/www.caririemacao.com\/1\/wp-json\/wp\/v2\/tags?post=78784"}],"curies":[{"name":"wp","href":"https:\/\/api.w.org\/{rel}","templated":true}]}}