{"id":78786,"date":"2018-12-29T17:37:02","date_gmt":"2018-12-29T20:37:02","guid":{"rendered":"http:\/\/www.caririemacao.com\/1\/?p=78786"},"modified":"2018-12-29T17:37:02","modified_gmt":"2018-12-29T20:37:02","slug":"corpo-de-bombeiros-faz-alerta-para-os-perigos-dos-fogos-de-artificios","status":"publish","type":"post","link":"https:\/\/www.caririemacao.com\/1\/2018\/12\/29\/corpo-de-bombeiros-faz-alerta-para-os-perigos-dos-fogos-de-artificios\/","title":{"rendered":"Corpo de Bombeiros faz alerta para os perigos dos fogos de artif\u00edcios"},"content":{"rendered":"<p>Com o aumento da procura por fogos de artif\u00edcio neste per\u00edodo de fim de ano, o Corpo de Bombeiros Militar da Para\u00edba (CBMPB) alerta a popula\u00e7\u00e3o sobre a import\u00e2ncia da correta compra e manuseio desses artefatos, a fim de evitar incidentes como queimaduras e at\u00e9 mesmo inc\u00eandios. O primeiro procedimento de seguran\u00e7a, conforme o capit\u00e3o Hugo Bezerra, da Diretoria de Atividades T\u00e9cnicas do CBMPB, \u00e9 comprar fogos apenas em barracas certificadas pela corpora\u00e7\u00e3o para venda de tal produto.<\/p>\n<p>Segundo ele, em Jo\u00e3o Pessoa, apenas os estabelecimentos situados ao lado do Est\u00e1dio \u2018Almeid\u00e3o\u2019, no Cristo, est\u00e3o autorizadas para realizar esse com\u00e9rcio. Nesses locais, os consumidores devem ficar atentos ao certificado do CBMPB, que deve ficar vis\u00edvel. \u201cCaso o cidad\u00e3o encontre algum estabelecimento em situa\u00e7\u00e3o irregular, pedimos que denuncie por meio do 193 para que possamos efetuar a apreens\u00e3o dos produtos e garantir a seguran\u00e7a dos consumidores\u201d.<\/p>\n<p>Com rela\u00e7\u00e3o ao manuseio dos fogos, ap\u00f3s a compra, o oficial recomenda que sejam lidas e seguidas todas as instru\u00e7\u00f5es que se encontram no r\u00f3tulo da embalagem do artefato. Ele lembra, ainda, que as crian\u00e7as s\u00f3 devem usar os fogos que s\u00e3o indicados para a idade delas, ainda assim supervisionadas por um adulto. Nunca se deve tamb\u00e9m tentar reacender fogos que n\u00e3o explodiram, pois eles podem ser deflagrados de forma tardia e ocasionar queimaduras.<\/p>\n<p>Ele acrescenta que\u00a0as pessoas \u201cjamais devem tentar fabricar fogos em casa nem jogar os res\u00edduos do artefato na rua\u201d. Para evitar inc\u00eandios, conforme o oficial, \u00e9 preciso soltar os fogos em locais abertos e seguros, longe de postos de combust\u00edvel, dep\u00f3sitos de produtos perigosos (do tipo t\u00f3xico, corrosivo e outros) e fia\u00e7\u00f5es el\u00e9tricas. N\u00e3o se deve soltar fogos dentro de garrafas ou latas nem em locais com aglomera\u00e7\u00e3o de pessoas.<\/p>\n<p>No caso de festas de R\u00e9veillon em que houver queima de fogos de artif\u00edcios, por exemplo, tamb\u00e9m \u00e9 preciso que os organizadores do evento solicitem a fiscaliza\u00e7\u00e3o do Corpo de Bombeiros Militar da Para\u00edba, para emiss\u00e3o do certificado de autoriza\u00e7\u00e3o; al\u00e9m de licen\u00e7as de outros \u00f3rg\u00e3os de fiscaliza\u00e7\u00e3o, como Marinha e prefeitura. \u201cPara concess\u00e3o por parte do CBMPB, \u00e9 verificado se o local atende \u00e0s exig\u00eancias contidas na Lei Estadual de n\u00famero 9.625\/2011 (C\u00f3digo Estadual de Prote\u00e7\u00e3o Contra Inc\u00eandio, Explos\u00e3o e Controle de P\u00e2nico)\u201d, informa o capit\u00e3o.<\/p>\n<p>Festa da Virada\u00a0\u2013 Para o R\u00e9veillon da capital paraibana, o capit\u00e3o Hugo Bezerra informa que, no dia 31, ser\u00e1 realizada uma grande opera\u00e7\u00e3o para acompanhamento in loco da montagem e transporte da balsa que comporta os fogos de artif\u00edcio. \u201cSer\u00e1 verificada uma s\u00e9rie de exig\u00eancias, a exemplo do espa\u00e7amento dos fogos, presen\u00e7a de extintores, presen\u00e7a do blaster ou outro profissional devidamente habilitado a executar a queima dos fogos\u201d, explicou.<\/p>\n<p>O capit\u00e3o alerta, ainda, que a execu\u00e7\u00e3o da queima de fogos que n\u00e3o estiver devidamente autorizada estar\u00e1 pass\u00edvel de san\u00e7\u00f5es administrativas como multa, apreens\u00e3o do material e interdi\u00e7\u00e3o do local do evento.<\/p>\n<p>&nbsp;<\/p>\n<p><strong>MaisPB<\/strong><\/p>\n","protected":false},"excerpt":{"rendered":"<p>Com o aumento da procura por fogos de artif\u00edcio neste per\u00edodo de fim de ano, o Corpo de Bombeiros Militar da Para\u00edba (CBMPB) alerta a&hellip; <\/p>\n","protected":false},"author":1,"featured_media":68201,"comment_status":"closed","ping_status":"closed","sticky":false,"template":"","format":"standard","meta":{"sfsi_plus_gutenberg_text_before_share":"","sfsi_plus_gutenberg_show_text_before_share":"","sfsi_plus_gutenberg_icon_type":"","sfsi_plus_gutenberg_icon_alignemt":"","sfsi_plus_gutenburg_max_per_row":"","footnotes":""},"categories":[2],"tags":[],"class_list":["post-78786","post","type-post","status-publish","format-standard","has-post-thumbnail","hentry","category-geral"],"_links":{"self":[{"href":"https:\/\/www.caririemacao.com\/1\/wp-json\/wp\/v2\/posts\/78786","targetHints":{"allow":["GET"]}}],"collection":[{"href":"https:\/\/www.caririemacao.com\/1\/wp-json\/wp\/v2\/posts"}],"about":[{"href":"https:\/\/www.caririemacao.com\/1\/wp-json\/wp\/v2\/types\/post"}],"author":[{"embeddable":true,"href":"https:\/\/www.caririemacao.com\/1\/wp-json\/wp\/v2\/users\/1"}],"replies":[{"embeddable":true,"href":"https:\/\/www.caririemacao.com\/1\/wp-json\/wp\/v2\/comments?post=78786"}],"version-history":[{"count":1,"href":"https:\/\/www.caririemacao.com\/1\/wp-json\/wp\/v2\/posts\/78786\/revisions"}],"predecessor-version":[{"id":78787,"href":"https:\/\/www.caririemacao.com\/1\/wp-json\/wp\/v2\/posts\/78786\/revisions\/78787"}],"wp:featuredmedia":[{"embeddable":true,"href":"https:\/\/www.caririemacao.com\/1\/wp-json\/wp\/v2\/media\/68201"}],"wp:attachment":[{"href":"https:\/\/www.caririemacao.com\/1\/wp-json\/wp\/v2\/media?parent=78786"}],"wp:term":[{"taxonomy":"category","embeddable":true,"href":"https:\/\/www.caririemacao.com\/1\/wp-json\/wp\/v2\/categories?post=78786"},{"taxonomy":"post_tag","embeddable":true,"href":"https:\/\/www.caririemacao.com\/1\/wp-json\/wp\/v2\/tags?post=78786"}],"curies":[{"name":"wp","href":"https:\/\/api.w.org\/{rel}","templated":true}]}}