{"id":78795,"date":"2018-12-29T22:51:12","date_gmt":"2018-12-30T01:51:12","guid":{"rendered":"http:\/\/www.caririemacao.com\/1\/?p=78795"},"modified":"2018-12-29T22:51:12","modified_gmt":"2018-12-30T01:51:12","slug":"a-camara-de-vereadores-de-sume-vem-a-publico-externar-o-mais-profundo-pesar-pelo-falecimento-da-senhora-maria-de-lourdes-de-sousa-batista","status":"publish","type":"post","link":"https:\/\/www.caririemacao.com\/1\/2018\/12\/29\/a-camara-de-vereadores-de-sume-vem-a-publico-externar-o-mais-profundo-pesar-pelo-falecimento-da-senhora-maria-de-lourdes-de-sousa-batista\/","title":{"rendered":"A C\u00e2mara de Vereadores de Sum\u00e9 vem a p\u00fablico externar o mais profundo pesar pelo falecimento da senhora Maria de Lourdes de Sousa Batista"},"content":{"rendered":"<p>A C\u00e2mara de Vereadores de Sum\u00e9 vem a p\u00fablico externar o mais profundo pesar pelo falecimento da senhora Maria de Lourdes de Sousa Batista, conhecida carinhosamente por Maria Paulino.<br \/>\nA Casa C\u00edcero Soares em nome do Presidente Jos\u00e9 Ant\u00f4nio Fernandes de Oliveira e demais Vereadores da Casa, solidariza-se com a fam\u00edlia e amigos de Maria Paulino. Que Deus conforte seus cora\u00e7\u00f5es e d\u00ea for\u00e7as para transformar toda dor desta perda irrepar\u00e1vel em f\u00e9 e esperan\u00e7a!<br \/>\nO vel\u00f3rio de Maria Paulino acontece no S\u00e3o L\u00e1zaro na Pra\u00e7a Adolfo Mayer e seu sepultamento ocorrer\u00e1 neste domingo (30) \u00e0s 16h no cemit\u00e9rio de Sum\u00e9.<\/p>\n<p>&nbsp;<\/p>\n<p>CM<\/p>\n","protected":false},"excerpt":{"rendered":"<p>A C\u00e2mara de Vereadores de Sum\u00e9 vem a p\u00fablico externar o mais profundo pesar pelo falecimento da senhora Maria de Lourdes de Sousa Batista, conhecida&hellip; <\/p>\n","protected":false},"author":1,"featured_media":78796,"comment_status":"closed","ping_status":"closed","sticky":false,"template":"","format":"standard","meta":{"sfsi_plus_gutenberg_text_before_share":"","sfsi_plus_gutenberg_show_text_before_share":"","sfsi_plus_gutenberg_icon_type":"","sfsi_plus_gutenberg_icon_alignemt":"","sfsi_plus_gutenburg_max_per_row":"","footnotes":""},"categories":[2],"tags":[],"class_list":["post-78795","post","type-post","status-publish","format-standard","has-post-thumbnail","hentry","category-geral"],"_links":{"self":[{"href":"https:\/\/www.caririemacao.com\/1\/wp-json\/wp\/v2\/posts\/78795","targetHints":{"allow":["GET"]}}],"collection":[{"href":"https:\/\/www.caririemacao.com\/1\/wp-json\/wp\/v2\/posts"}],"about":[{"href":"https:\/\/www.caririemacao.com\/1\/wp-json\/wp\/v2\/types\/post"}],"author":[{"embeddable":true,"href":"https:\/\/www.caririemacao.com\/1\/wp-json\/wp\/v2\/users\/1"}],"replies":[{"embeddable":true,"href":"https:\/\/www.caririemacao.com\/1\/wp-json\/wp\/v2\/comments?post=78795"}],"version-history":[{"count":1,"href":"https:\/\/www.caririemacao.com\/1\/wp-json\/wp\/v2\/posts\/78795\/revisions"}],"predecessor-version":[{"id":78797,"href":"https:\/\/www.caririemacao.com\/1\/wp-json\/wp\/v2\/posts\/78795\/revisions\/78797"}],"wp:featuredmedia":[{"embeddable":true,"href":"https:\/\/www.caririemacao.com\/1\/wp-json\/wp\/v2\/media\/78796"}],"wp:attachment":[{"href":"https:\/\/www.caririemacao.com\/1\/wp-json\/wp\/v2\/media?parent=78795"}],"wp:term":[{"taxonomy":"category","embeddable":true,"href":"https:\/\/www.caririemacao.com\/1\/wp-json\/wp\/v2\/categories?post=78795"},{"taxonomy":"post_tag","embeddable":true,"href":"https:\/\/www.caririemacao.com\/1\/wp-json\/wp\/v2\/tags?post=78795"}],"curies":[{"name":"wp","href":"https:\/\/api.w.org\/{rel}","templated":true}]}}