{"id":78803,"date":"2018-12-30T08:17:54","date_gmt":"2018-12-30T11:17:54","guid":{"rendered":"http:\/\/www.caririemacao.com\/1\/?p=78803"},"modified":"2018-12-30T08:17:54","modified_gmt":"2018-12-30T11:17:54","slug":"bolsonaro-chega-a-brasilia-para-posse-presidencial","status":"publish","type":"post","link":"https:\/\/www.caririemacao.com\/1\/2018\/12\/30\/bolsonaro-chega-a-brasilia-para-posse-presidencial\/","title":{"rendered":"Bolsonaro chega a Bras\u00edlia para posse presidencial"},"content":{"rendered":"<p>O presidente eleito e diplomado, Jair Bolsonaro, chegou neste s\u00e1bado por volta das 17h a Bras\u00edlia, onde toma posse no dia 1\u00ba de janeiro. O comboio seguiu para a Granja do Torto, uma das resid\u00eancias oficiais da Presid\u00eancia da Rep\u00fablica, e foi recepcionado por motociclistas e correligion\u00e1rios.<\/p>\n<p>O carro onde estava Bolsonaro parou para que ele agradecesse o apoio do grupo. \u201cObrigado a\u00ed, pessoal. Valeu, pessoal. Obrigado pela for\u00e7a. Estamos juntos\u201d, disse.<\/p>\n<p>Em uma postagem no Twitter, assim que saiu do Aeroporto de Bras\u00edlia, ele agradeceu a receptividade dos moradores da capital e postou v\u00eddeo de um\u00a0<em>outdoor\u00a0<\/em>com mensagem de boas-vindas, em uma avenida perto do terminal.<\/p>\n<p>\u201cObrigado pela receptividade de sempre, amigos de Bras\u00edlia e de todo Brasil!\u201d, escreveu Bolsonaro. O\u00a0<em>outdoor<\/em>\u00a0digital<em>\u00a0<\/em>exibe o texto: \u201cBrasil acima de tudo, Deus acima de todos. Bem-vindo, senhor presidente\u201d.<\/p>\n<p><strong>Rio de Janeiro<\/strong><\/p>\n<p>Bolsonaro saiu do condom\u00ednio onde mora, na zona oeste do Rio de Janeiro, pouco antes das 14h de hoje, rumo \u00e0 Base A\u00e9rea do Gale\u00e3o. Ele estava acompanhado da mulher e dos cinco filhos.<\/p>\n<p>Na sa\u00edda do condom\u00ednio, um grupo de pessoas aguardava a sa\u00edda de Bolsonaro e recebeu o comboio presidencial aos gritos de \u201cmito\u201d. Bolsonaro abriu a porta do carro e agradeceu aos simpatizantes.<\/p>\n<p>&nbsp;<\/p>\n<p>EBC<\/p>\n","protected":false},"excerpt":{"rendered":"<p>O presidente eleito e diplomado, Jair Bolsonaro, chegou neste s\u00e1bado por volta das 17h a Bras\u00edlia, onde toma posse no dia 1\u00ba de janeiro. O&hellip; <\/p>\n","protected":false},"author":1,"featured_media":70070,"comment_status":"closed","ping_status":"closed","sticky":false,"template":"","format":"standard","meta":{"sfsi_plus_gutenberg_text_before_share":"","sfsi_plus_gutenberg_show_text_before_share":"","sfsi_plus_gutenberg_icon_type":"","sfsi_plus_gutenberg_icon_alignemt":"","sfsi_plus_gutenburg_max_per_row":"","footnotes":""},"categories":[11],"tags":[],"class_list":["post-78803","post","type-post","status-publish","format-standard","has-post-thumbnail","hentry","category-politica"],"_links":{"self":[{"href":"https:\/\/www.caririemacao.com\/1\/wp-json\/wp\/v2\/posts\/78803","targetHints":{"allow":["GET"]}}],"collection":[{"href":"https:\/\/www.caririemacao.com\/1\/wp-json\/wp\/v2\/posts"}],"about":[{"href":"https:\/\/www.caririemacao.com\/1\/wp-json\/wp\/v2\/types\/post"}],"author":[{"embeddable":true,"href":"https:\/\/www.caririemacao.com\/1\/wp-json\/wp\/v2\/users\/1"}],"replies":[{"embeddable":true,"href":"https:\/\/www.caririemacao.com\/1\/wp-json\/wp\/v2\/comments?post=78803"}],"version-history":[{"count":1,"href":"https:\/\/www.caririemacao.com\/1\/wp-json\/wp\/v2\/posts\/78803\/revisions"}],"predecessor-version":[{"id":78804,"href":"https:\/\/www.caririemacao.com\/1\/wp-json\/wp\/v2\/posts\/78803\/revisions\/78804"}],"wp:featuredmedia":[{"embeddable":true,"href":"https:\/\/www.caririemacao.com\/1\/wp-json\/wp\/v2\/media\/70070"}],"wp:attachment":[{"href":"https:\/\/www.caririemacao.com\/1\/wp-json\/wp\/v2\/media?parent=78803"}],"wp:term":[{"taxonomy":"category","embeddable":true,"href":"https:\/\/www.caririemacao.com\/1\/wp-json\/wp\/v2\/categories?post=78803"},{"taxonomy":"post_tag","embeddable":true,"href":"https:\/\/www.caririemacao.com\/1\/wp-json\/wp\/v2\/tags?post=78803"}],"curies":[{"name":"wp","href":"https:\/\/api.w.org\/{rel}","templated":true}]}}