{"id":78806,"date":"2018-12-30T08:19:53","date_gmt":"2018-12-30T11:19:53","guid":{"rendered":"http:\/\/www.caririemacao.com\/1\/?p=78806"},"modified":"2018-12-30T08:19:53","modified_gmt":"2018-12-30T11:19:53","slug":"com-chegada-do-reveillon-alerta-e-festejar-sem-abusar-do-alcool","status":"publish","type":"post","link":"https:\/\/www.caririemacao.com\/1\/2018\/12\/30\/com-chegada-do-reveillon-alerta-e-festejar-sem-abusar-do-alcool\/","title":{"rendered":"Com chegada do R\u00e9veillon, alerta \u00e9 festejar sem abusar do \u00e1lcool"},"content":{"rendered":"<p>Na festa da virada do ano, o lema deve ser\u00a0comemorar, mas sem abusar do consumo de \u00e1lcool, principalmente para quem for dirigir.<\/p>\n<p>Dirigir alcoolizado \u00e9 a segunda maior causa de acidentes no tr\u00e2nsito. No feriado do Natal deste ano, a\u00a0Pol\u00edcia Rodovi\u00e1ria Federal (PRF) registrou 1.907 autos de infra\u00e7\u00e3o de\u00a0motoristas, nas estradas do pa\u00eds, que estavam dirigindo ap\u00f3s ingerir bebida alco\u00f3lica, o que corresponde a um flagrante a cada 21 testes. Para inibir essa pr\u00e1tica, o C\u00f3digo de Tr\u00e2nsito Brasileiro\u00a0ampliou a pena de deten\u00e7\u00e3o para quem\u00a0provocar mortes conduzindo\u00a0alcoolizado \u2013 de 2 a 4 anos para 5 a 8 anos de reclus\u00e3o.<\/p>\n<p>De acordo com o coordenador da Opera\u00e7\u00e3o Lei Seca no estado do Rio de Janeiro, Marco Andrade, o final do ano e o carnaval s\u00e3o os per\u00edodos com mais acidentes com morte no tr\u00e2nsito.<\/p>\n<p>\u201cA bebida traz grande contribui\u00e7\u00e3o para o aumento do n\u00famero de mortes no tr\u00e2nsito neste per\u00edodo\u201d, disse Andrade.<\/p>\n<p>At\u00e9 a pr\u00f3xima ter\u00e7a-feira (1\u00ba), ser\u00e3o\u00a056 a\u00e7\u00f5es de fiscaliza\u00e7\u00e3o no estado e\u00a0preventivas. \u201c\u00c9 importante comemorar\u00a0as festas de fim de ano, se divertir, mas se organizar na forma de voltar para casa de uma maneira mais segura\u201d, ressaltou.<\/p>\n<div id=\"attachment_552621\" class=\"wp-caption aligncenter\"><img decoding=\"async\" class=\"wp-image-552621 size-medium lazyload\" data-src=\"https:\/\/paraibaonline.com.br\/wp-content\/uploads\/2018\/12\/cerveja_1-567x378.jpg\" data-srcset=\"https:\/\/paraibaonline.com.br\/wp-content\/uploads\/2018\/12\/cerveja_1-567x378.jpg 567w, https:\/\/paraibaonline.com.br\/wp-content\/uploads\/2018\/12\/cerveja_1.jpg 800w\" alt=\"Foto: Marcelo Camargo\/Ag\u00eancia Brasil\" src=\"data:image\/svg+xml;base64,PHN2ZyB3aWR0aD0iMSIgaGVpZ2h0PSIxIiB4bWxucz0iaHR0cDovL3d3dy53My5vcmcvMjAwMC9zdmciPjwvc3ZnPg==\" style=\"--smush-placeholder-width: 567px; --smush-placeholder-aspect-ratio: 567\/378;\" \/><\/p>\n<p class=\"wp-caption-text\">Foto: Marcelo Camargo\/Ag\u00eancia Brasil<\/p>\n<\/div>\n<p><strong>Bebida em excesso<\/strong><\/p>\n<p>O psiquiatra Jorge Jaber, membro da Associa\u00e7\u00e3o Brasileira de Psiquiatria (ABP) e especializado em depend\u00eancia qu\u00edmica, acredita que o abuso do \u00e1lcool nas\u00a0festas de fim de ano\u00a0t\u00eam liga\u00e7\u00e3o com problemas de relacionamento social.\u00a0Segundo o especialista, h\u00e1 quem esteja passando por momento complicado\u00a0e utilize a bebida alc\u00f3olica para\u00a0esquecer o inc\u00f4modo.<\/p>\n<p>\u201cO \u00e1lcool leva \u00e0 possibilidade de descontrole e isso se manifesta nas festas, atingindo o objetivo contr\u00e1rio ao que o evento se prop\u00f5e\u201d, disse.<\/p>\n<p>Para se divertir no R\u00e9veillon, os\u00a0cuidados apontados pelo psiquiatra s\u00e3o:\u00a0n\u00e3o dirigir embriagado, manter-se bem hidratado,\u00a0procurar se alimentar com comidas leves, evitando as gordurosas; e diminuir o tempo de exposi\u00e7\u00e3o ao sol.<\/p>\n<p>&nbsp;<\/p>\n<p>Ag\u00eancia Brasil<\/p>\n","protected":false},"excerpt":{"rendered":"<p>Na festa da virada do ano, o lema deve ser\u00a0comemorar, mas sem abusar do consumo de \u00e1lcool, principalmente para quem for dirigir. Dirigir alcoolizado \u00e9&hellip; <\/p>\n","protected":false},"author":1,"featured_media":24901,"comment_status":"closed","ping_status":"closed","sticky":false,"template":"","format":"standard","meta":{"sfsi_plus_gutenberg_text_before_share":"","sfsi_plus_gutenberg_show_text_before_share":"","sfsi_plus_gutenberg_icon_type":"","sfsi_plus_gutenberg_icon_alignemt":"","sfsi_plus_gutenburg_max_per_row":"","footnotes":""},"categories":[16],"tags":[],"class_list":["post-78806","post","type-post","status-publish","format-standard","has-post-thumbnail","hentry","category-saude"],"_links":{"self":[{"href":"https:\/\/www.caririemacao.com\/1\/wp-json\/wp\/v2\/posts\/78806","targetHints":{"allow":["GET"]}}],"collection":[{"href":"https:\/\/www.caririemacao.com\/1\/wp-json\/wp\/v2\/posts"}],"about":[{"href":"https:\/\/www.caririemacao.com\/1\/wp-json\/wp\/v2\/types\/post"}],"author":[{"embeddable":true,"href":"https:\/\/www.caririemacao.com\/1\/wp-json\/wp\/v2\/users\/1"}],"replies":[{"embeddable":true,"href":"https:\/\/www.caririemacao.com\/1\/wp-json\/wp\/v2\/comments?post=78806"}],"version-history":[{"count":1,"href":"https:\/\/www.caririemacao.com\/1\/wp-json\/wp\/v2\/posts\/78806\/revisions"}],"predecessor-version":[{"id":78809,"href":"https:\/\/www.caririemacao.com\/1\/wp-json\/wp\/v2\/posts\/78806\/revisions\/78809"}],"wp:featuredmedia":[{"embeddable":true,"href":"https:\/\/www.caririemacao.com\/1\/wp-json\/wp\/v2\/media\/24901"}],"wp:attachment":[{"href":"https:\/\/www.caririemacao.com\/1\/wp-json\/wp\/v2\/media?parent=78806"}],"wp:term":[{"taxonomy":"category","embeddable":true,"href":"https:\/\/www.caririemacao.com\/1\/wp-json\/wp\/v2\/categories?post=78806"},{"taxonomy":"post_tag","embeddable":true,"href":"https:\/\/www.caririemacao.com\/1\/wp-json\/wp\/v2\/tags?post=78806"}],"curies":[{"name":"wp","href":"https:\/\/api.w.org\/{rel}","templated":true}]}}