{"id":78810,"date":"2018-12-30T08:22:38","date_gmt":"2018-12-30T11:22:38","guid":{"rendered":"http:\/\/www.caririemacao.com\/1\/?p=78810"},"modified":"2018-12-30T08:22:38","modified_gmt":"2018-12-30T11:22:38","slug":"novos-ministros-assumem-cargo-no-dia-2","status":"publish","type":"post","link":"https:\/\/www.caririemacao.com\/1\/2018\/12\/30\/novos-ministros-assumem-cargo-no-dia-2\/","title":{"rendered":"Novos ministros assumem cargo no dia 2"},"content":{"rendered":"<p>Um dia depois da cerim\u00f4nia de posse de Jair Bolsonaro para a Presid\u00eancia da Rep\u00fablica, os 22 nomes confirmados para o primeiro escal\u00e3o do futuro governo assumir\u00e3o, em diferentes hor\u00e1rios, o comando das pastas que compor\u00e3o a Esplanada dos Minist\u00e9rios a partir de 2019.<\/p>\n<p>Nomes que dividir\u00e3o os andares do Pal\u00e1cio do Planalto, mantendo rela\u00e7\u00f5es mais diretas com o futuro presidente, ser\u00e3o os primeiros a ocupar postos. As primeiras transmiss\u00f5es de cargos marcadas para as 9h ser\u00e3o, conjuntamente, dos novos ministros da Casa Civil, Onyx Lorenzoni, do Gabinete de Seguran\u00e7a Institucional, General Augusto Heleno, da Secretaria de Governo, General Santos Cruz, e da Secretaria-Geral da Presid\u00eancia, Gustavo Bebianno.<\/p>\n<p>Sergio Moro assumir\u00e1 a Justi\u00e7a e Seguran\u00e7a P\u00fablica tamb\u00e9m pela manh\u00e3. A pasta comandada pelo ex-juiz federal\u00a0 abarcar\u00e1 atribui\u00e7\u00f5es de \u00e1reas que, atualmente, est\u00e3o distribu\u00eddas em outros Minist\u00e9rios como o de Seguran\u00e7a P\u00fablica e Trabalho (registros sindicais).<\/p>\n<p>Ainda pela manh\u00e3, Marcos Pontes recebe o bast\u00e3o das \u00e1reas de Ci\u00eancia, Tecnologia e Inova\u00e7\u00e3o e do atual Minist\u00e9rio das Comunica\u00e7\u00f5es na Esplanada e o Almirante Bento Costa e Lima, o de Minas e Energia.<\/p>\n<p>A primeira mulher confirmada para o primeiro escal\u00e3o de Bolsonaro, atual deputada Tereza Cristina, assume a Agricultura. Depois de um pronunciamento, a nova ministra j\u00e1 empossa os secret\u00e1rios da pasta.<\/p>\n<div id=\"attachment_552617\" class=\"wp-caption aligncenter\"><img decoding=\"async\" class=\"wp-image-552617 size-medium lazyload\" data-src=\"https:\/\/paraibaonline.com.br\/wp-content\/uploads\/2018\/12\/MINISTROS-BOLSONARO-567x378.jpeg\" data-srcset=\"https:\/\/paraibaonline.com.br\/wp-content\/uploads\/2018\/12\/MINISTROS-BOLSONARO-567x378.jpeg 567w, https:\/\/paraibaonline.com.br\/wp-content\/uploads\/2018\/12\/MINISTROS-BOLSONARO.jpeg 800w\" alt=\"Foto: Governo de Transi\u00e7\u00e3o\" src=\"data:image\/svg+xml;base64,PHN2ZyB3aWR0aD0iMSIgaGVpZ2h0PSIxIiB4bWxucz0iaHR0cDovL3d3dy53My5vcmcvMjAwMC9zdmciPjwvc3ZnPg==\" style=\"--smush-placeholder-width: 567px; --smush-placeholder-aspect-ratio: 567\/378;\" \/><\/p>\n<p class=\"wp-caption-text\">Foto: Governo de Transi\u00e7\u00e3o<\/p>\n<\/div>\n<p>No per\u00edodo da tarde, ocorrem as transmiss\u00f5es de cargo de ministro da Cidadania e A\u00e7\u00e3o Social para Osmar Terra e da Sa\u00fade para Luiz Mandetta.<\/p>\n<p>Tr\u00eas dos atuais ministros do governo Temer repassam suas atribui\u00e7\u00f5es a Paulo Guedes \u00e0s 15h. O futuro Minist\u00e9rio da Economia abarcar\u00e1 fun\u00e7\u00f5es que hoje s\u00e3o divididas entre Eduardo Guardia (Fazenda), Esteves Colnago (Planejamento, Desenvolvimento e Gest\u00e3o) e Marcos Jorge (Ind\u00fastria, Com\u00e9rcio Exterior e Servi\u00e7os).<\/p>\n<p>A partir das 16h, assumem ainda Tarc\u00edsio Gomes de Freitas (Infraestrutura), General Fernando Azevedo (Defesa), Ricardo V\u00e9lez Rodriguez (Educa\u00e7\u00e3o), Marcelo \u00c1lvaro Ant\u00f4nio (Turismo) e Damares Alves (Mulher, Fam\u00edlia e Direitos Humanos).<\/p>\n<p>No fim do dia, o diplomata Ernesto Ara\u00fajo toma posse\u00a0na sede do Minist\u00e9rio de Rela\u00e7\u00f5es Exteriores, em solenidade marcara para as 18h.<\/p>\n<p>Com a manuten\u00e7\u00e3o de Wagner Ros\u00e1rio no comando da Controladoria-Geral da Uni\u00e3o, n\u00e3o haver\u00e1 solenidade neste caso. Ainda h\u00e1 defini\u00e7\u00f5es de hor\u00e1rios em aberto, como \u00e9 o caso das pastas do Meio Ambiente, a ser ocupada por Ricardo Salles, e do Desenvolvimento Regional, que ter\u00e1 o atual secret\u00e1rio executivo do Minist\u00e9rio da Integra\u00e7\u00e3o Nacional, Gustavo Canuto, como ministro. Canuto administrar\u00e1 fun\u00e7\u00f5es que hoje est\u00e3o divididas entre os minist\u00e9rios das Cidades e da Integra\u00e7\u00e3o Nacional.<\/p>\n<p>&nbsp;<\/p>\n<p>Ag\u00eancia Brasil<\/p>\n","protected":false},"excerpt":{"rendered":"<p>Um dia depois da cerim\u00f4nia de posse de Jair Bolsonaro para a Presid\u00eancia da Rep\u00fablica, os 22 nomes confirmados para o primeiro escal\u00e3o do futuro&hellip; <\/p>\n","protected":false},"author":1,"featured_media":78811,"comment_status":"closed","ping_status":"closed","sticky":false,"template":"","format":"standard","meta":{"sfsi_plus_gutenberg_text_before_share":"","sfsi_plus_gutenberg_show_text_before_share":"","sfsi_plus_gutenberg_icon_type":"","sfsi_plus_gutenberg_icon_alignemt":"","sfsi_plus_gutenburg_max_per_row":"","footnotes":""},"categories":[11],"tags":[],"class_list":["post-78810","post","type-post","status-publish","format-standard","has-post-thumbnail","hentry","category-politica"],"_links":{"self":[{"href":"https:\/\/www.caririemacao.com\/1\/wp-json\/wp\/v2\/posts\/78810","targetHints":{"allow":["GET"]}}],"collection":[{"href":"https:\/\/www.caririemacao.com\/1\/wp-json\/wp\/v2\/posts"}],"about":[{"href":"https:\/\/www.caririemacao.com\/1\/wp-json\/wp\/v2\/types\/post"}],"author":[{"embeddable":true,"href":"https:\/\/www.caririemacao.com\/1\/wp-json\/wp\/v2\/users\/1"}],"replies":[{"embeddable":true,"href":"https:\/\/www.caririemacao.com\/1\/wp-json\/wp\/v2\/comments?post=78810"}],"version-history":[{"count":1,"href":"https:\/\/www.caririemacao.com\/1\/wp-json\/wp\/v2\/posts\/78810\/revisions"}],"predecessor-version":[{"id":78812,"href":"https:\/\/www.caririemacao.com\/1\/wp-json\/wp\/v2\/posts\/78810\/revisions\/78812"}],"wp:featuredmedia":[{"embeddable":true,"href":"https:\/\/www.caririemacao.com\/1\/wp-json\/wp\/v2\/media\/78811"}],"wp:attachment":[{"href":"https:\/\/www.caririemacao.com\/1\/wp-json\/wp\/v2\/media?parent=78810"}],"wp:term":[{"taxonomy":"category","embeddable":true,"href":"https:\/\/www.caririemacao.com\/1\/wp-json\/wp\/v2\/categories?post=78810"},{"taxonomy":"post_tag","embeddable":true,"href":"https:\/\/www.caririemacao.com\/1\/wp-json\/wp\/v2\/tags?post=78810"}],"curies":[{"name":"wp","href":"https:\/\/api.w.org\/{rel}","templated":true}]}}