{"id":78813,"date":"2018-12-30T08:27:16","date_gmt":"2018-12-30T11:27:16","guid":{"rendered":"http:\/\/www.caririemacao.com\/1\/?p=78813"},"modified":"2018-12-30T08:27:16","modified_gmt":"2018-12-30T11:27:16","slug":"ricardo-saio-de-cabeca-erguida-espinha-ereta-e-coracao-tranquilo","status":"publish","type":"post","link":"https:\/\/www.caririemacao.com\/1\/2018\/12\/30\/ricardo-saio-de-cabeca-erguida-espinha-ereta-e-coracao-tranquilo\/","title":{"rendered":"Ricardo: saio de cabe\u00e7a erguida, espinha ereta e cora\u00e7\u00e3o tranquilo"},"content":{"rendered":"<p>O governador Ricardo\u00a0Coutinho (PSB) deixa depois\u00a0de amanh\u00e3 o Governo do Estado da Para\u00edba ap\u00f3s oito anos de mandato com uma\u00a0aprova\u00e7\u00e3o, segundo pesquisa do Centro Integrado de Pesquisa e Comunica\u00e7\u00e3o (Cipec),\u00a0de 84%. O feito contradiz a praxe, j\u00e1 que o desgaste do segundo mandato tende a ser\u00a0maior, ao mesmo tempo em que o ritmo do governo tende a diminuir.<\/p>\n<p>No caso de Ricardo, aconteceu o contr\u00e1rio. O ritmo foi ainda mais intenso\u00a0no segundo mandato, o que reduziu o desgaste e elevou a aprova\u00e7\u00e3o. Foco e determina\u00e7\u00e3o para se saber o que queria e buscar construir as condi\u00e7\u00f5es para tornar realidade o que era planejado, foi a receita usada por Ricardo para alcan\u00e7ar tal feito. Ricardo recebeu a equipe do Jornal A Uni\u00e3o, na Granja Santana, e ao final da entrevista recorreu ao poeta: \u201cSaio de<br \/>\ncabe\u00e7a erguida, espinha ereta e o cora\u00e7\u00e3o muito tranquilo\u201d<\/p>\n<p>Para o governador Ricardo Coutinho, foi fundamental para se chegar ao final do governo com uma aprova\u00e7\u00e3o recorde, coragem para tomar\u00a0e manter decis\u00f5es que geraram choques e rupturas com o \u201cstatus quo\u201d, mas que eram essenciais para a concretiza\u00e7\u00e3o das mudan\u00e7as que levariam ao sucesso do governo.<\/p>\n<p>\u201cValeu muito a percep\u00e7\u00e3o que se agente achava que sab\u00edamos para onde deveria ir, a<br \/>\ngente deveria continuar com determina\u00e7\u00e3o e coragem. Por isso que a Para\u00edba melhorou<br \/>\nmuito\u201d, destacou Ricardo.<\/p>\n<p>O posicionamento do governante e do pr\u00f3prio Estado diante a temas pol\u00eamicos e importantes, aliado ao cabedal de investimentos promovidos pela gest\u00e3o em<br \/>\ntodas cidades e em todas as \u00e1reas, completam a receita que resulta na boa aprova\u00e7\u00e3o<br \/>\ndo governo. \u201cIsso, acho que justifica, esse apoio t\u00e3o incomum, t\u00e3o fora da curva que o<br \/>\ngoverno tem no \u00faltimo ano de gest\u00e3o, particularmente no \u00faltimo m\u00eas\u201d, justifica.<\/p>\n<p>Ainda segundo a mesma pesquisa, a aprova\u00e7\u00e3o do governo na cidade de Jo\u00e3o Pessoa \u00e9 ainda maior, chegando a 90%. Mais uma vez, Ricardo atribui essa boa avalia\u00e7\u00e3o a uma conjun\u00e7\u00e3o de fatores e reconhece que existe um \u201cbom caso de amor\u201d entre ele<br \/>\ne a capital de todos os paraibanos.<\/p>\n<p>\u201cO nosso governo na Prefeitura fez muito. Foram apenas cinco anos e com a quinta parte do or\u00e7amento de hoje, mas indiscutivelmente, a cidade era outra. Funcionava num outro n\u00edvel, os cuidados eram muito maiores, o olhar sobre a extens\u00e3o da cidade, os bairros eram reconhecidos, as comunidades mais carentes ainda mais. A cidade tinha um outro ritmo, al\u00e9m do que todas as inova\u00e7\u00f5es das pol\u00edticas p\u00fablicas foram implantadas em Jo\u00e3o<br \/>\nPessoa e deram um excelente resultado\u201d, explicou.<\/p>\n<p>Aliado a isso, ainda segundo o governador, est\u00e1 a presen\u00e7a do Governo do Estado em Jo\u00e3o Pessoa, em \u00e1reas de mobilidade urbana (Perimetral Sul, Trevo das Mangabeiras, Viaduto do Geisel, duplica\u00e7\u00e3o da Avenida Cruz das Armas), e na sa\u00fade com a duplica\u00e7\u00e3o da capacidade de atendimento do Hospital de Trauma e a inaugura\u00e7\u00e3o do Hospital Metropolitano. \u201cSe\u00a0tirar a presen\u00e7a do Estado, a cidade estaria num caos\u201d, afirmou o governador.<\/p>\n<p>A a\u00e7\u00e3o ou projeto do governo mais lembrado, de forma espont\u00e2nea, pela popula\u00e7\u00e3o foi a constru\u00e7\u00e3o e recupera\u00e7\u00e3o de estradas, seguida de Educa\u00e7\u00e3o e Sa\u00fade (constru\u00e7\u00e3o de hospitais). O governador admite que ao assumir o governo n\u00e3o tinha no\u00e7\u00e3o que seria poss\u00edvel realizar 2.680 quil\u00f4metros de estradas (constru\u00eddas e\/ou reformadas), que garantiu tirar 54 munic\u00edpios paraibanos do isolamento asf\u00e1ltico, al\u00e9m de interligar cidades e regi\u00f5es, diminuindo as dist\u00e2ncias entre os paraibanos e levando desenvolvimento e dignidade \u00e0s cidades beneficiadas.<\/p>\n<p>\u201cNo in\u00edcio do governo eu imaginava que isso n\u00e3o fosse poss\u00edvel, sinceramente, porque a hist\u00f3ria da Para\u00edba sempre foi muito pouco generosa para com a maioria da sua<br \/>\npopula\u00e7\u00e3o e para com aqueles que viviam nas menores cidades, ou ent\u00e3o tinham uma<br \/>\ncondi\u00e7\u00e3o econ\u00f4mica inferior. Eu achava que, muitas vezes,o Estado n\u00e3o fazia porque n\u00e3o<br \/>\ntinha recursos, mas eu comecei a perceber que isso seria poss\u00edvel\u201d, disse o governador<br \/>\nlembrando a import\u00e2ncia do financiamento disponibilizado pelo BNDES (Banco Nacional do Desenvolvimento Econ\u00f4mico e Social) no governo da ex-presidenta Dilma Rousseff, mas ressaltando que a maioria das obras rodovi\u00e1rias foram realizadas com recursos pr\u00f3prios do Tesouro Estadual.<\/p>\n<p>\u201cE a popula\u00e7\u00e3o percebe isso, porque o Estado foi integrado e at\u00e9 aqueles que n\u00e3o moravam nas 54 cidades que n\u00e3o tinham asfalto, ficaram felizes por v\u00ea o Estado bem tratado\u201d<\/p>\n<p>&nbsp;<\/p>\n<p><em>Jornal A Uni\u00e3o.\u00a0<\/em><\/p>\n","protected":false},"excerpt":{"rendered":"<p>O governador Ricardo\u00a0Coutinho (PSB) deixa depois\u00a0de amanh\u00e3 o Governo do Estado da Para\u00edba ap\u00f3s oito anos de mandato com uma\u00a0aprova\u00e7\u00e3o, segundo pesquisa do Centro Integrado&hellip; <\/p>\n","protected":false},"author":1,"featured_media":33979,"comment_status":"closed","ping_status":"closed","sticky":false,"template":"","format":"standard","meta":{"sfsi_plus_gutenberg_text_before_share":"","sfsi_plus_gutenberg_show_text_before_share":"","sfsi_plus_gutenberg_icon_type":"","sfsi_plus_gutenberg_icon_alignemt":"","sfsi_plus_gutenburg_max_per_row":"","footnotes":""},"categories":[11],"tags":[],"class_list":["post-78813","post","type-post","status-publish","format-standard","has-post-thumbnail","hentry","category-politica"],"_links":{"self":[{"href":"https:\/\/www.caririemacao.com\/1\/wp-json\/wp\/v2\/posts\/78813","targetHints":{"allow":["GET"]}}],"collection":[{"href":"https:\/\/www.caririemacao.com\/1\/wp-json\/wp\/v2\/posts"}],"about":[{"href":"https:\/\/www.caririemacao.com\/1\/wp-json\/wp\/v2\/types\/post"}],"author":[{"embeddable":true,"href":"https:\/\/www.caririemacao.com\/1\/wp-json\/wp\/v2\/users\/1"}],"replies":[{"embeddable":true,"href":"https:\/\/www.caririemacao.com\/1\/wp-json\/wp\/v2\/comments?post=78813"}],"version-history":[{"count":1,"href":"https:\/\/www.caririemacao.com\/1\/wp-json\/wp\/v2\/posts\/78813\/revisions"}],"predecessor-version":[{"id":78814,"href":"https:\/\/www.caririemacao.com\/1\/wp-json\/wp\/v2\/posts\/78813\/revisions\/78814"}],"wp:featuredmedia":[{"embeddable":true,"href":"https:\/\/www.caririemacao.com\/1\/wp-json\/wp\/v2\/media\/33979"}],"wp:attachment":[{"href":"https:\/\/www.caririemacao.com\/1\/wp-json\/wp\/v2\/media?parent=78813"}],"wp:term":[{"taxonomy":"category","embeddable":true,"href":"https:\/\/www.caririemacao.com\/1\/wp-json\/wp\/v2\/categories?post=78813"},{"taxonomy":"post_tag","embeddable":true,"href":"https:\/\/www.caririemacao.com\/1\/wp-json\/wp\/v2\/tags?post=78813"}],"curies":[{"name":"wp","href":"https:\/\/api.w.org\/{rel}","templated":true}]}}