{"id":78831,"date":"2018-12-30T09:16:05","date_gmt":"2018-12-30T12:16:05","guid":{"rendered":"http:\/\/www.caririemacao.com\/1\/?p=78831"},"modified":"2018-12-30T09:16:05","modified_gmt":"2018-12-30T12:16:05","slug":"adolescente-e-rendido-por-populares-suspeito-de-ameacar-dona-de-loja-e-roubar-r-1-350","status":"publish","type":"post","link":"https:\/\/www.caririemacao.com\/1\/2018\/12\/30\/adolescente-e-rendido-por-populares-suspeito-de-ameacar-dona-de-loja-e-roubar-r-1-350\/","title":{"rendered":"Adolescente \u00e9 rendido por populares suspeito de amea\u00e7ar dona de loja e roubar R$ 1.350"},"content":{"rendered":"<p>Um adolescente de 16 anos foi apreendido suspeito de roubar R$ 1.350 e amea\u00e7ar a dona de uma loja de roupas, no munic\u00edpio de Sap\u00e9. O fato aconteceu neste s\u00e1bado (29), na feira municipal.<\/p>\n<p>Segundo relato do comandante da 3\u00aa Cia do 7\u00ba Batalh\u00e3o de Pol\u00edcia Militar (7\u00ba BPM), major Sidnei, o jovem manteve a propriet\u00e1ria da loja sob a mira de uma faca e conseguiu roubar o valor em dinheiro. Em seguida, ele fugiu, mas foi alcan\u00e7ado e rendido por populares os quais mantiveram o menor imobilizado at\u00e9 a chegada da PM.<\/p>\n<p>Os R$ 1.350 foram devolvidos \u00e0 dona e o adolescente foi levado para a delegacia da regi\u00e3o. Ainda segundo informa\u00e7\u00f5es da PM, o rapaz \u00e9 suspeito de praticar v\u00e1rios roubos em Sap\u00e9. Ele \u00e9 natural de Mari.<\/p>\n<p>&nbsp;<\/p>\n<p>ClickPB<\/p>\n","protected":false},"excerpt":{"rendered":"<p>Um adolescente de 16 anos foi apreendido suspeito de roubar R$ 1.350 e amea\u00e7ar a dona de uma loja de roupas, no munic\u00edpio de Sap\u00e9.&hellip; <\/p>\n","protected":false},"author":1,"featured_media":78832,"comment_status":"closed","ping_status":"closed","sticky":false,"template":"","format":"standard","meta":{"sfsi_plus_gutenberg_text_before_share":"","sfsi_plus_gutenberg_show_text_before_share":"","sfsi_plus_gutenberg_icon_type":"","sfsi_plus_gutenberg_icon_alignemt":"","sfsi_plus_gutenburg_max_per_row":"","footnotes":""},"categories":[12],"tags":[],"class_list":["post-78831","post","type-post","status-publish","format-standard","has-post-thumbnail","hentry","category-policia"],"_links":{"self":[{"href":"https:\/\/www.caririemacao.com\/1\/wp-json\/wp\/v2\/posts\/78831","targetHints":{"allow":["GET"]}}],"collection":[{"href":"https:\/\/www.caririemacao.com\/1\/wp-json\/wp\/v2\/posts"}],"about":[{"href":"https:\/\/www.caririemacao.com\/1\/wp-json\/wp\/v2\/types\/post"}],"author":[{"embeddable":true,"href":"https:\/\/www.caririemacao.com\/1\/wp-json\/wp\/v2\/users\/1"}],"replies":[{"embeddable":true,"href":"https:\/\/www.caririemacao.com\/1\/wp-json\/wp\/v2\/comments?post=78831"}],"version-history":[{"count":1,"href":"https:\/\/www.caririemacao.com\/1\/wp-json\/wp\/v2\/posts\/78831\/revisions"}],"predecessor-version":[{"id":78833,"href":"https:\/\/www.caririemacao.com\/1\/wp-json\/wp\/v2\/posts\/78831\/revisions\/78833"}],"wp:featuredmedia":[{"embeddable":true,"href":"https:\/\/www.caririemacao.com\/1\/wp-json\/wp\/v2\/media\/78832"}],"wp:attachment":[{"href":"https:\/\/www.caririemacao.com\/1\/wp-json\/wp\/v2\/media?parent=78831"}],"wp:term":[{"taxonomy":"category","embeddable":true,"href":"https:\/\/www.caririemacao.com\/1\/wp-json\/wp\/v2\/categories?post=78831"},{"taxonomy":"post_tag","embeddable":true,"href":"https:\/\/www.caririemacao.com\/1\/wp-json\/wp\/v2\/tags?post=78831"}],"curies":[{"name":"wp","href":"https:\/\/api.w.org\/{rel}","templated":true}]}}