{"id":78903,"date":"2018-12-30T16:53:24","date_gmt":"2018-12-30T19:53:24","guid":{"rendered":"http:\/\/www.caririemacao.com\/1\/?p=78903"},"modified":"2018-12-30T16:53:24","modified_gmt":"2018-12-30T19:53:24","slug":"benjamin-netanyahu-diz-que-evangelicos-sao-os-melhores-amigos-de-israel","status":"publish","type":"post","link":"https:\/\/www.caririemacao.com\/1\/2018\/12\/30\/benjamin-netanyahu-diz-que-evangelicos-sao-os-melhores-amigos-de-israel\/","title":{"rendered":"Benjamin Netanyahu diz que evang\u00e9licos s\u00e3o os melhores amigos de Israel"},"content":{"rendered":"<p>Um encontro com lideran\u00e7as crist\u00e3s brasileiras na tarde de hoje (30) no Rio de Janeiro, o primeiro-ministro israelense, Benjamin Netanyahu, disse que os evang\u00e9licos s\u00e3o os melhores amigos de Israel no mundo. Entre as lideran\u00e7as presentes no encontro estavam o cardeal-arcebispo do Rio de Janeiro, Dom Orani Tempesta e Silas Malafaia (da Assembleia de Deus), o prefeito Marcelo Crivella e o governador eleito do Rio de Janeiro, Wilson Witzel.<\/p>\n<p>\u201cN\u00e3o temos no mundo amigos melhores do que a comunidade evang\u00e9lica. E a comunidade evang\u00e9lica n\u00e3o tem amigo melhor do que o Estado de Israel. Voc\u00eas s\u00e3o nossos irm\u00e3os e irm\u00e3s e n\u00f3s protegemos os direitos dos crist\u00e3os\u201d, disse Netanyahu.<\/p>\n<p>O primeiro-ministro destacou que crist\u00e3os e judeus t\u00eam tradi\u00e7\u00f5es e heran\u00e7as comuns e que o cristianismo nasceu do juda\u00edsmo.<\/p>\n<p>No encontro com lideran\u00e7as crist\u00e3s, Netanyahu recebeu uma imgem ampliada de um selo comemorativo dos Correios em homanagem a esta que \u00e9 a primeira visita de premi\u00ea israelense no Brasil.<\/p>\n<div class=\"dnd-widget-wrapper context-cheio_8colunas type-image\">\n<div class=\"dnd-atom-rendered\">\n<figure class=\"mejs-fotoh-wrapper\">\n<div class=\"wp-caption alignnone\"><img decoding=\"async\" class=\"img-responsive full full lazyload\" title=\"T\u00e2nia R\u00eago\/Ag\u00eancia Brasil\" data-src=\"http:\/\/imagens.ebc.com.br\/fLPb6RHvoEyyGbz4vtt6kqkwT_w=\/754x0\/smart\/http:\/\/agenciabrasil.ebc.com.br\/sites\/default\/files\/thumbnails\/image\/tnrgo_abr_3012189463rj.jpg?itok=UBecAqvS\" alt=\"Foto: T\u00e2nia R\u00eago\/Ag\u00eancia Brasil\" src=\"data:image\/svg+xml;base64,PHN2ZyB3aWR0aD0iMSIgaGVpZ2h0PSIxIiB4bWxucz0iaHR0cDovL3d3dy53My5vcmcvMjAwMC9zdmciPjwvc3ZnPg==\" \/><\/p>\n<p class=\"wp-caption-text\">Foto: T\u00e2nia R\u00eago\/Ag\u00eancia Brasil<\/p>\n<\/div>\n<\/figure>\n<\/div>\n<div class=\"dnd-caption-wrapper\">\n<div class=\"meta\">Netanyahu recebeu uma imgem ampliada de um selo comemorativo dos Correios em homanagem a\u00a0 primeira visita de premi\u00ea israelense no Brasil, no Hotel Hilton em Copacabana \u2013<\/div>\n<\/div>\n<\/div>\n<p>Segundo Netanyahu, Israel est\u00e1 agarrando as oportunidades do futuro e que o presidente eleito do Brasil, Jair Bolsonaro, pode se juntar ao seu pa\u00eds para capturar o futuro. \u201cJair significa aquele que traz a luz [em hebraico]. Temos agora a oportunidade de juntos trazer muita luz para os povos do Brasil e de Israel\u201d.<\/p>\n<p>Mais cedo, em encontro com lideran\u00e7as judaicas do Brasil, Netanyahu disse que Bolsonaro garantiu a mudan\u00e7a da embaixada brasileira de Telavive para Jerusal\u00e9m.<\/p>\n<p>\u201cDesde o tempo do rei Davi, Jerusal\u00e9m foi capital do nosso povo, manteve-se capital do nosso povo e permanecer\u00e1 a capital unida e eterna do povo judeu\u201d, disse o premi\u00ea israelense.<\/p>\n<p>Em encontro com jornalistas brasileiros, na manh\u00e3 de hoje, Netanyahu disse que o Brasil \u00e9 um dos principais focos da pol\u00edtica externa israelense e que, desde 2017, Israel tem buscado ampliar parcerias entre as grandes economias mundiais, como \u00cdndia e China, e entre os pa\u00edses \u00e1rabes.<\/p>\n<p>\u201cPa\u00edses \u00e1rabes t\u00eam buscado Israel porque eles t\u00eam medo do Estado Isl\u00e2mico, do Ir\u00e3. Israel pode ser um aliado para eles\u201d, disse.<\/p>\n<p>Antes dos encontros, no in\u00edcio da manh\u00e3 de hoje, Netanyahu visitou o P\u00e3o-de-A\u00e7\u00facar com o governador eleito Wilson Witzel. Ontem, ele passeou pela Praia de Copacabana. H\u00e1 a expectativa ainda de que o premi\u00ea israelense visite o Cristo Redentor.<\/p>\n<p>Netanyahu deve ficar no Rio durante a virada do ano e viajar para Bras\u00edlia apenas no dia 1\u00ba, para acompanhar a posse de Bolsonaro.<\/p>\n","protected":false},"excerpt":{"rendered":"<p>Um encontro com lideran\u00e7as crist\u00e3s brasileiras na tarde de hoje (30) no Rio de Janeiro, o primeiro-ministro israelense, Benjamin Netanyahu, disse que os evang\u00e9licos s\u00e3o&hellip; <\/p>\n","protected":false},"author":1,"featured_media":78904,"comment_status":"closed","ping_status":"closed","sticky":false,"template":"","format":"standard","meta":{"sfsi_plus_gutenberg_text_before_share":"","sfsi_plus_gutenberg_show_text_before_share":"","sfsi_plus_gutenberg_icon_type":"","sfsi_plus_gutenberg_icon_alignemt":"","sfsi_plus_gutenburg_max_per_row":"","footnotes":""},"categories":[50,11],"tags":[],"class_list":["post-78903","post","type-post","status-publish","format-standard","has-post-thumbnail","hentry","category-destaque","category-politica"],"_links":{"self":[{"href":"https:\/\/www.caririemacao.com\/1\/wp-json\/wp\/v2\/posts\/78903","targetHints":{"allow":["GET"]}}],"collection":[{"href":"https:\/\/www.caririemacao.com\/1\/wp-json\/wp\/v2\/posts"}],"about":[{"href":"https:\/\/www.caririemacao.com\/1\/wp-json\/wp\/v2\/types\/post"}],"author":[{"embeddable":true,"href":"https:\/\/www.caririemacao.com\/1\/wp-json\/wp\/v2\/users\/1"}],"replies":[{"embeddable":true,"href":"https:\/\/www.caririemacao.com\/1\/wp-json\/wp\/v2\/comments?post=78903"}],"version-history":[{"count":1,"href":"https:\/\/www.caririemacao.com\/1\/wp-json\/wp\/v2\/posts\/78903\/revisions"}],"predecessor-version":[{"id":78905,"href":"https:\/\/www.caririemacao.com\/1\/wp-json\/wp\/v2\/posts\/78903\/revisions\/78905"}],"wp:featuredmedia":[{"embeddable":true,"href":"https:\/\/www.caririemacao.com\/1\/wp-json\/wp\/v2\/media\/78904"}],"wp:attachment":[{"href":"https:\/\/www.caririemacao.com\/1\/wp-json\/wp\/v2\/media?parent=78903"}],"wp:term":[{"taxonomy":"category","embeddable":true,"href":"https:\/\/www.caririemacao.com\/1\/wp-json\/wp\/v2\/categories?post=78903"},{"taxonomy":"post_tag","embeddable":true,"href":"https:\/\/www.caririemacao.com\/1\/wp-json\/wp\/v2\/tags?post=78903"}],"curies":[{"name":"wp","href":"https:\/\/api.w.org\/{rel}","templated":true}]}}