{"id":78907,"date":"2018-12-30T16:59:41","date_gmt":"2018-12-30T19:59:41","guid":{"rendered":"http:\/\/www.caririemacao.com\/1\/?p=78907"},"modified":"2018-12-30T16:59:41","modified_gmt":"2018-12-30T19:59:41","slug":"vamos-melhorar-ainda-mais-a-eficiencia-da-cagepa-diz-novo-presidente-do-orgao-anunciado-por-joao-marcus-vinicius","status":"publish","type":"post","link":"https:\/\/www.caririemacao.com\/1\/2018\/12\/30\/vamos-melhorar-ainda-mais-a-eficiencia-da-cagepa-diz-novo-presidente-do-orgao-anunciado-por-joao-marcus-vinicius\/","title":{"rendered":"\u2018Vamos melhorar ainda mais a efici\u00eancia da Cagepa\u2019, diz novo presidente do \u00f3rg\u00e3o anunciado por Jo\u00e3o, Marcus Vin\u00edcius"},"content":{"rendered":"<div class=\"td-a-rec td-a-rec-id-content_top  \"><span class=\"td-adspot-title\"><br \/>\n\u201cVamos melhorar a efici\u00eancia da Companhia, interligar as bacias para evitar os racionamentos, promover o melhor uso da \u00e1gua\u201d, sintetizou o novo Presidente da Companhia de \u00c1gua e Esgotos da Para\u00edba (Cagepa), o engenheiro civil Marcus Vin\u00edcius.<\/span><\/div>\n<p>Marcus Vin\u00edcius j\u00e1 havia presidido a Cagepa durante os dois primeiros anos da segunda gest\u00e3o do governador Ricardo Coutinho (PSB). Na \u00faltima sexta-feira (28), o governador eleito Jo\u00e3o Azev\u00eado anunciou seu nome como quem ir\u00e1 assumir a presid\u00eancia do \u00f3rg\u00e3o a partir desta ter\u00e7a-feira (1\u00ba).<\/p>\n<div class=\"td-a-rec td-a-rec-id-content_inline  \"><span class=\"td-adspot-title\">O novo presidente tamb\u00e9m destacou a import\u00e2ncia de tornar a companhia cada vez mais rent\u00e1vel. \u201cVamos fazer com que esse dinheiro volte para a pr\u00f3pria Para\u00edba e, assim, com um governador t\u00e9cnico como Jo\u00e3o Azev\u00eado, que tenho certeza que ir\u00e1 fazer um excelente governo, sei que vamos deixar a Cagepa ainda melhor\u201d, finalizou.<\/span><\/div>\n<p>Natural de Jo\u00e3o Pessoa, Marcus Vin\u00edcius \u00e9 formado em Engenharia Civil e Direito, pela Universidade Federal da Para\u00edba (UFPB). \u00c9 especialista em Direito Urban\u00edstico, pela PUC Minas, e possui MBA em Gerenciamento de Projetos, pela Funda\u00e7\u00e3o Get\u00falio Vargas (FGV).<\/p>\n<p>&nbsp;<\/p>\n<p>MaisPB<\/p>\n<div class=\"fbcb_container\" align=\"center\">\n<h3 class=\"fbcb_leave_cmnt_label\"><\/h3>\n<\/div>\n","protected":false},"excerpt":{"rendered":"<p>\u201cVamos melhorar a efici\u00eancia da Companhia, interligar as bacias para evitar os racionamentos, promover o melhor uso da \u00e1gua\u201d, sintetizou o novo Presidente da Companhia&hellip; <\/p>\n","protected":false},"author":1,"featured_media":78908,"comment_status":"closed","ping_status":"closed","sticky":false,"template":"","format":"standard","meta":{"sfsi_plus_gutenberg_text_before_share":"","sfsi_plus_gutenberg_show_text_before_share":"","sfsi_plus_gutenberg_icon_type":"","sfsi_plus_gutenberg_icon_alignemt":"","sfsi_plus_gutenburg_max_per_row":"","footnotes":""},"categories":[50,11],"tags":[],"class_list":["post-78907","post","type-post","status-publish","format-standard","has-post-thumbnail","hentry","category-destaque","category-politica"],"_links":{"self":[{"href":"https:\/\/www.caririemacao.com\/1\/wp-json\/wp\/v2\/posts\/78907","targetHints":{"allow":["GET"]}}],"collection":[{"href":"https:\/\/www.caririemacao.com\/1\/wp-json\/wp\/v2\/posts"}],"about":[{"href":"https:\/\/www.caririemacao.com\/1\/wp-json\/wp\/v2\/types\/post"}],"author":[{"embeddable":true,"href":"https:\/\/www.caririemacao.com\/1\/wp-json\/wp\/v2\/users\/1"}],"replies":[{"embeddable":true,"href":"https:\/\/www.caririemacao.com\/1\/wp-json\/wp\/v2\/comments?post=78907"}],"version-history":[{"count":1,"href":"https:\/\/www.caririemacao.com\/1\/wp-json\/wp\/v2\/posts\/78907\/revisions"}],"predecessor-version":[{"id":78909,"href":"https:\/\/www.caririemacao.com\/1\/wp-json\/wp\/v2\/posts\/78907\/revisions\/78909"}],"wp:featuredmedia":[{"embeddable":true,"href":"https:\/\/www.caririemacao.com\/1\/wp-json\/wp\/v2\/media\/78908"}],"wp:attachment":[{"href":"https:\/\/www.caririemacao.com\/1\/wp-json\/wp\/v2\/media?parent=78907"}],"wp:term":[{"taxonomy":"category","embeddable":true,"href":"https:\/\/www.caririemacao.com\/1\/wp-json\/wp\/v2\/categories?post=78907"},{"taxonomy":"post_tag","embeddable":true,"href":"https:\/\/www.caririemacao.com\/1\/wp-json\/wp\/v2\/tags?post=78907"}],"curies":[{"name":"wp","href":"https:\/\/api.w.org\/{rel}","templated":true}]}}