{"id":78917,"date":"2018-12-30T17:07:29","date_gmt":"2018-12-30T20:07:29","guid":{"rendered":"http:\/\/www.caririemacao.com\/1\/?p=78917"},"modified":"2018-12-30T17:07:29","modified_gmt":"2018-12-30T20:07:29","slug":"carteiras-de-estudante-devem-ter-certificacao-digital-veja-entidades-autorizadas-a-emitir-o-documento","status":"publish","type":"post","link":"https:\/\/www.caririemacao.com\/1\/2018\/12\/30\/carteiras-de-estudante-devem-ter-certificacao-digital-veja-entidades-autorizadas-a-emitir-o-documento\/","title":{"rendered":"Carteiras de estudante devem ter certifica\u00e7\u00e3o digital; veja entidades autorizadas a emitir o documento"},"content":{"rendered":"<p>Foram divulgadas as entidades estudantis que poder\u00e3o emitir carteiras de identifica\u00e7\u00e3o estudantil (CIE), na Para\u00edba. O Decreto n\u00ba 38.924 de 21 de dezembro de 2018 foi assinado pelo governador Ricardo Coutinho (PSB) e publicado no Di\u00e1rio Oficial do Estado de 22 de dezembro. Com esse novo Decreto, ficam revogados o Decreto n\u00ba 34.763, de 21 de janeiro de 2014, e o Decreto n\u00ba 37.210, de 17 de janeiro de 2017.<\/p>\n<p>As entidades que poder\u00e3o emitir carteiras de estudante para matriculados em Institui\u00e7\u00f5es de Ensino Superior (IES) s\u00e3o a Uni\u00e3o Nacional dos Estudantes (UNE); Associa\u00e7\u00e3o Nacional de P\u00f3s-Graduandos (ANPG); Conselho Universit\u00e1rio de Carteiras \u2013 CUC; e cada Diret\u00f3rio Central dos Estudantes (DCE) das respectivas faculdades, centros universit\u00e1rios e universidades.<\/p>\n<p>Os DCE&#8217;s s\u00f3 poder\u00e3o emitir carteira de estudante para os alunos vinculados \u00e0 institui\u00e7\u00e3o de ensino superior na qual o Diret\u00f3rio est\u00e1 inserido. Onde n\u00e3o houver DCE, as carteiras poder\u00e3o ser emitidas pelas outras entidades citadas, com exce\u00e7\u00e3o das que atender\u00e3o aos estudantes de ensino fundamental e m\u00e9dio, pois dever\u00e1 existir uma separa\u00e7\u00e3o entre as emiss\u00f5es para secundaristas e para universit\u00e1rios.<\/p>\n<p>Para os alunos de institui\u00e7\u00f5es de Ensino Fundamental e M\u00e9dio, as carteiras poder\u00e3o ser emitidas pela Uni\u00e3o Brasileira dos Estudantes Secundaristas (UBES); Associa\u00e7\u00e3o dos Estudantes Secundaristas da Para\u00edba (AESP); Uni\u00e3o dos Estudantes Secundaristas da Para\u00edba (UESP); e pela Uni\u00e3o Estadual dos Estudantes da Para\u00edba (UEEP).<\/p>\n<p>Para a confec\u00e7\u00e3o da carteira de estudante, o aluno deve apresentar documento de identifica\u00e7\u00e3o com foto expedido por \u00f3rg\u00e3o p\u00fablico e v\u00e1lido em todo o territ\u00f3rio nacional; comprovante de matr\u00edcula correspondente ao ano letivo a que se refere o pedido; e quita\u00e7\u00e3o da taxa de expedi\u00e7\u00e3o, com exce\u00e7\u00e3o para os jovens de baixa renda, de 15 a 29 anos, que s\u00e3o aqueles cujas fam\u00edlias t\u00eam renda mensal de at\u00e9 dois sal\u00e1rios m\u00ednimos e est\u00e3o inscritos no Cadastro \u00danico para Programas Sociais do Governo Federal &#8211; Cad\u00danico. &#8220;Os custos da expedi\u00e7\u00e3o da CIE para jovens estudantes de baixa renda ser\u00e3o arcados pela institui\u00e7\u00e3o que a expedir&#8221;, diz o Decreto.<\/p>\n<p>No Decreto, ainda consta o tipo de material que deve ser usado para a confec\u00e7\u00e3o da carteira de estudante e a exig\u00eancia de certifica\u00e7\u00e3o digital para consulta das empresas p\u00fablicas e privadas para constatar a autenticidade da CIE.<\/p>\n<p>Veja a \u00edntegra do Decreto.<\/p>\n<figure><img decoding=\"async\" data-src=\"https:\/\/www.clickpb.com.br\/media\/filer_public\/a0\/a5\/a0a5ca68-4f74-496e-8c6b-ad9ae8c939af\/decreto_carteiras_de_estudante_diario_oficial_221218.jpg\" data-image=\"109543\" src=\"data:image\/svg+xml;base64,PHN2ZyB3aWR0aD0iMSIgaGVpZ2h0PSIxIiB4bWxucz0iaHR0cDovL3d3dy53My5vcmcvMjAwMC9zdmciPjwvc3ZnPg==\" class=\"lazyload\" \/><\/figure>\n<figure><img decoding=\"async\" data-src=\"https:\/\/www.clickpb.com.br\/media\/filer_public\/ff\/33\/ff339f10-1705-4303-8767-9ba42ec2a11e\/decreto_carteiras_de_estudante_diario_oficial_221218-2.jpg\" data-image=\"109544\" src=\"data:image\/svg+xml;base64,PHN2ZyB3aWR0aD0iMSIgaGVpZ2h0PSIxIiB4bWxucz0iaHR0cDovL3d3dy53My5vcmcvMjAwMC9zdmciPjwvc3ZnPg==\" class=\"lazyload\" \/><\/figure>\n<figure><img decoding=\"async\" data-src=\"https:\/\/www.clickpb.com.br\/media\/filer_public\/71\/ee\/71ee2b3b-710a-4fe2-a31d-7c82a3a3c8d1\/decreto_carteiras_de_estudante_diario_oficial_221218-3.jpg\" data-image=\"109545\" src=\"data:image\/svg+xml;base64,PHN2ZyB3aWR0aD0iMSIgaGVpZ2h0PSIxIiB4bWxucz0iaHR0cDovL3d3dy53My5vcmcvMjAwMC9zdmciPjwvc3ZnPg==\" class=\"lazyload\" \/><\/figure>\n<figure><img decoding=\"async\" data-src=\"https:\/\/www.clickpb.com.br\/media\/filer_public\/4f\/25\/4f25cd08-34f4-4d64-a414-ca4827fc1636\/decreto_carteiras_de_estudante_diario_oficial_221218-4.jpg\" data-image=\"109546\" src=\"data:image\/svg+xml;base64,PHN2ZyB3aWR0aD0iMSIgaGVpZ2h0PSIxIiB4bWxucz0iaHR0cDovL3d3dy53My5vcmcvMjAwMC9zdmciPjwvc3ZnPg==\" class=\"lazyload\" \/><\/figure>\n","protected":false},"excerpt":{"rendered":"<p>Foram divulgadas as entidades estudantis que poder\u00e3o emitir carteiras de identifica\u00e7\u00e3o estudantil (CIE), na Para\u00edba. O Decreto n\u00ba 38.924 de 21 de dezembro de 2018&hellip; <\/p>\n","protected":false},"author":1,"featured_media":78920,"comment_status":"closed","ping_status":"closed","sticky":false,"template":"","format":"standard","meta":{"sfsi_plus_gutenberg_text_before_share":"","sfsi_plus_gutenberg_show_text_before_share":"","sfsi_plus_gutenberg_icon_type":"","sfsi_plus_gutenberg_icon_alignemt":"","sfsi_plus_gutenburg_max_per_row":"","footnotes":""},"categories":[50,14],"tags":[],"class_list":["post-78917","post","type-post","status-publish","format-standard","has-post-thumbnail","hentry","category-destaque","category-educacao"],"_links":{"self":[{"href":"https:\/\/www.caririemacao.com\/1\/wp-json\/wp\/v2\/posts\/78917","targetHints":{"allow":["GET"]}}],"collection":[{"href":"https:\/\/www.caririemacao.com\/1\/wp-json\/wp\/v2\/posts"}],"about":[{"href":"https:\/\/www.caririemacao.com\/1\/wp-json\/wp\/v2\/types\/post"}],"author":[{"embeddable":true,"href":"https:\/\/www.caririemacao.com\/1\/wp-json\/wp\/v2\/users\/1"}],"replies":[{"embeddable":true,"href":"https:\/\/www.caririemacao.com\/1\/wp-json\/wp\/v2\/comments?post=78917"}],"version-history":[{"count":1,"href":"https:\/\/www.caririemacao.com\/1\/wp-json\/wp\/v2\/posts\/78917\/revisions"}],"predecessor-version":[{"id":78921,"href":"https:\/\/www.caririemacao.com\/1\/wp-json\/wp\/v2\/posts\/78917\/revisions\/78921"}],"wp:featuredmedia":[{"embeddable":true,"href":"https:\/\/www.caririemacao.com\/1\/wp-json\/wp\/v2\/media\/78920"}],"wp:attachment":[{"href":"https:\/\/www.caririemacao.com\/1\/wp-json\/wp\/v2\/media?parent=78917"}],"wp:term":[{"taxonomy":"category","embeddable":true,"href":"https:\/\/www.caririemacao.com\/1\/wp-json\/wp\/v2\/categories?post=78917"},{"taxonomy":"post_tag","embeddable":true,"href":"https:\/\/www.caririemacao.com\/1\/wp-json\/wp\/v2\/tags?post=78917"}],"curies":[{"name":"wp","href":"https:\/\/api.w.org\/{rel}","templated":true}]}}