{"id":78934,"date":"2018-12-30T22:39:41","date_gmt":"2018-12-31T01:39:41","guid":{"rendered":"http:\/\/www.caririemacao.com\/1\/?p=78934"},"modified":"2018-12-30T22:39:41","modified_gmt":"2018-12-31T01:39:41","slug":"em-camalau-prefeito-sandro-moco-consegue-11-veiculos-em-apenas-dois-anos-de-gestao-e-comemora","status":"publish","type":"post","link":"https:\/\/www.caririemacao.com\/1\/2018\/12\/30\/em-camalau-prefeito-sandro-moco-consegue-11-veiculos-em-apenas-dois-anos-de-gestao-e-comemora\/","title":{"rendered":"Em Camala\u00fa: prefeito Sandro M\u00f4co consegue 11 ve\u00edculos em apenas dois anos de gest\u00e3o e comemora"},"content":{"rendered":"<p style=\"font-weight: 400;\">O prefeito de Camala\u00fa, Sandro M\u00f4co est\u00e1 encerrando seu segundo ano de mandato \u00e0 frente da Prefeitura de Camala\u00fa e j\u00e1 conseguiu 11 novos ve\u00edculos para prestar servi\u00e7os nas pastas de sa\u00fade e educa\u00e7\u00e3o.<\/p>\n<p style=\"font-weight: 400;\">Sandro agradeceu principalmente ao senador C\u00e1ssio Cunha Lima e ao deputado Pedro Cunha Lima, principais respons\u00e1veis pela aquisi\u00e7\u00e3o dos ve\u00edculos.<\/p>\n<p style=\"font-weight: 400;\">\u00a0\u201cConseguimos renovar a frota da Prefeitura. Diante das dificuldades, mas com o apoio total do Senador C\u00e1ssio e do deputado federal Pedro Cunha Lima, conseguimos todos esses carros. \u00c9 algo para se comemorar\u201d, agradeceu Sandro.<\/p>\n<p style=\"font-weight: 400;\">Na lista dos transportes est\u00e3o ambul\u00e2ncias, Vans, carro de sete lugares, Saveiro entre outros.<\/p>\n<p>&nbsp;<\/p>\n<p style=\"font-weight: 400;\"><strong>BRUNO LIRA<\/strong><\/p>\n","protected":false},"excerpt":{"rendered":"<p>O prefeito de Camala\u00fa, Sandro M\u00f4co est\u00e1 encerrando seu segundo ano de mandato \u00e0 frente da Prefeitura de Camala\u00fa e j\u00e1 conseguiu 11 novos ve\u00edculos&hellip; <\/p>\n","protected":false},"author":1,"featured_media":78935,"comment_status":"closed","ping_status":"closed","sticky":false,"template":"","format":"standard","meta":{"sfsi_plus_gutenberg_text_before_share":"","sfsi_plus_gutenberg_show_text_before_share":"","sfsi_plus_gutenberg_icon_type":"","sfsi_plus_gutenberg_icon_alignemt":"","sfsi_plus_gutenburg_max_per_row":"","footnotes":""},"categories":[6,50],"tags":[],"class_list":["post-78934","post","type-post","status-publish","format-standard","has-post-thumbnail","hentry","category-cidades","category-destaque"],"_links":{"self":[{"href":"https:\/\/www.caririemacao.com\/1\/wp-json\/wp\/v2\/posts\/78934","targetHints":{"allow":["GET"]}}],"collection":[{"href":"https:\/\/www.caririemacao.com\/1\/wp-json\/wp\/v2\/posts"}],"about":[{"href":"https:\/\/www.caririemacao.com\/1\/wp-json\/wp\/v2\/types\/post"}],"author":[{"embeddable":true,"href":"https:\/\/www.caririemacao.com\/1\/wp-json\/wp\/v2\/users\/1"}],"replies":[{"embeddable":true,"href":"https:\/\/www.caririemacao.com\/1\/wp-json\/wp\/v2\/comments?post=78934"}],"version-history":[{"count":1,"href":"https:\/\/www.caririemacao.com\/1\/wp-json\/wp\/v2\/posts\/78934\/revisions"}],"predecessor-version":[{"id":78936,"href":"https:\/\/www.caririemacao.com\/1\/wp-json\/wp\/v2\/posts\/78934\/revisions\/78936"}],"wp:featuredmedia":[{"embeddable":true,"href":"https:\/\/www.caririemacao.com\/1\/wp-json\/wp\/v2\/media\/78935"}],"wp:attachment":[{"href":"https:\/\/www.caririemacao.com\/1\/wp-json\/wp\/v2\/media?parent=78934"}],"wp:term":[{"taxonomy":"category","embeddable":true,"href":"https:\/\/www.caririemacao.com\/1\/wp-json\/wp\/v2\/categories?post=78934"},{"taxonomy":"post_tag","embeddable":true,"href":"https:\/\/www.caririemacao.com\/1\/wp-json\/wp\/v2\/tags?post=78934"}],"curies":[{"name":"wp","href":"https:\/\/api.w.org\/{rel}","templated":true}]}}