{"id":78958,"date":"2018-12-31T08:07:06","date_gmt":"2018-12-31T11:07:06","guid":{"rendered":"http:\/\/www.caririemacao.com\/1\/?p=78958"},"modified":"2018-12-31T08:07:06","modified_gmt":"2018-12-31T11:07:06","slug":"em-sertania-dono-de-bar-e-esfaqueado-por-cliente","status":"publish","type":"post","link":"https:\/\/www.caririemacao.com\/1\/2018\/12\/31\/em-sertania-dono-de-bar-e-esfaqueado-por-cliente\/","title":{"rendered":"EM SERT\u00c2NIA DONO DE BAR \u00c9 ESFAQUEADO POR CLIENTE"},"content":{"rendered":"<p>Neste domingo, dia 31, policiais militares da GT de Sert\u00e2nia, juntamente com a Rocam, foram solicitados atrav\u00e9s da central da 2\u00aa CPM, a qual informou que no hospital local, havia uma v\u00edtima de arma branca.<\/p>\n<p>Foi feito o deslocamento at\u00e9 o local e a v\u00edtima informou que estava em seu bar, trabalhando e bebendo, quando o suspeito, n\u00e3o identificado, perguntou se estava devendo alguma coisa, e em seguida pegou a faca peixeira e pulou da moto atingindo o mesmo no bra\u00e7o e no dedo da m\u00e3o esquerda, e em seguida fugiu do local.<\/p>\n<p>Ambos estavam bebendo juntos no referido bar. A v\u00edtima, um homem de 52 anos de idade, foi para o hospital de Sert\u00e2nia, onde foi medicado e liberado.<\/p>\n<p>J\u00e1 o imputado n\u00e3o foi identificado e nem tampouco preso, apesar de dilig\u00eancias policiais feitas no intuito de prend\u00ea-lo.<\/p>\n<p>&nbsp;<\/p>\n<p>Tribuna do Moxot\u00f3<\/p>\n","protected":false},"excerpt":{"rendered":"<p>Neste domingo, dia 31, policiais militares da GT de Sert\u00e2nia, juntamente com a Rocam, foram solicitados atrav\u00e9s da central da 2\u00aa CPM, a qual informou&hellip; <\/p>\n","protected":false},"author":1,"featured_media":41593,"comment_status":"closed","ping_status":"closed","sticky":false,"template":"","format":"standard","meta":{"sfsi_plus_gutenberg_text_before_share":"","sfsi_plus_gutenberg_show_text_before_share":"","sfsi_plus_gutenberg_icon_type":"","sfsi_plus_gutenberg_icon_alignemt":"","sfsi_plus_gutenburg_max_per_row":"","footnotes":""},"categories":[12],"tags":[],"class_list":["post-78958","post","type-post","status-publish","format-standard","has-post-thumbnail","hentry","category-policia"],"_links":{"self":[{"href":"https:\/\/www.caririemacao.com\/1\/wp-json\/wp\/v2\/posts\/78958","targetHints":{"allow":["GET"]}}],"collection":[{"href":"https:\/\/www.caririemacao.com\/1\/wp-json\/wp\/v2\/posts"}],"about":[{"href":"https:\/\/www.caririemacao.com\/1\/wp-json\/wp\/v2\/types\/post"}],"author":[{"embeddable":true,"href":"https:\/\/www.caririemacao.com\/1\/wp-json\/wp\/v2\/users\/1"}],"replies":[{"embeddable":true,"href":"https:\/\/www.caririemacao.com\/1\/wp-json\/wp\/v2\/comments?post=78958"}],"version-history":[{"count":1,"href":"https:\/\/www.caririemacao.com\/1\/wp-json\/wp\/v2\/posts\/78958\/revisions"}],"predecessor-version":[{"id":78959,"href":"https:\/\/www.caririemacao.com\/1\/wp-json\/wp\/v2\/posts\/78958\/revisions\/78959"}],"wp:featuredmedia":[{"embeddable":true,"href":"https:\/\/www.caririemacao.com\/1\/wp-json\/wp\/v2\/media\/41593"}],"wp:attachment":[{"href":"https:\/\/www.caririemacao.com\/1\/wp-json\/wp\/v2\/media?parent=78958"}],"wp:term":[{"taxonomy":"category","embeddable":true,"href":"https:\/\/www.caririemacao.com\/1\/wp-json\/wp\/v2\/categories?post=78958"},{"taxonomy":"post_tag","embeddable":true,"href":"https:\/\/www.caririemacao.com\/1\/wp-json\/wp\/v2\/tags?post=78958"}],"curies":[{"name":"wp","href":"https:\/\/api.w.org\/{rel}","templated":true}]}}