{"id":78961,"date":"2018-12-31T08:36:40","date_gmt":"2018-12-31T11:36:40","guid":{"rendered":"http:\/\/www.caririemacao.com\/1\/?p=78961"},"modified":"2018-12-31T08:36:40","modified_gmt":"2018-12-31T11:36:40","slug":"aposentadoria-passa-a-ter-novo-calculo-a-partir-de-hoje","status":"publish","type":"post","link":"https:\/\/www.caririemacao.com\/1\/2018\/12\/31\/aposentadoria-passa-a-ter-novo-calculo-a-partir-de-hoje\/","title":{"rendered":"Aposentadoria passa a ter novo c\u00e1lculo a partir de hoje"},"content":{"rendered":"<p>O c\u00e1lculo das aposentadorias por tempo de contribui\u00e7\u00e3o mudou hoje (31), quando foi acionada uma regra implementada por lei em 2015. A regra exige um ano a mais para homens e mulheres se aposentarem.<\/p>\n<p>A atual f\u00f3rmula, conhecida como 85\/95, vai aumentar um ponto e se tornar 86\/96.<\/p>\n<div id=\"attachment_552850\" class=\"wp-caption aligncenter\"><img decoding=\"async\" class=\"wp-image-552850 size-full lazyload\" data-src=\"https:\/\/paraibaonline.com.br\/wp-content\/uploads\/2018\/12\/inss3112.jpg\" data-srcset=\"https:\/\/paraibaonline.com.br\/wp-content\/uploads\/2018\/12\/inss3112.jpg 1024w, https:\/\/paraibaonline.com.br\/wp-content\/uploads\/2018\/12\/inss3112-567x378.jpg 567w, https:\/\/paraibaonline.com.br\/wp-content\/uploads\/2018\/12\/inss3112-900x600.jpg 900w\" alt=\"\" src=\"data:image\/svg+xml;base64,PHN2ZyB3aWR0aD0iMSIgaGVpZ2h0PSIxIiB4bWxucz0iaHR0cDovL3d3dy53My5vcmcvMjAwMC9zdmciPjwvc3ZnPg==\" \/><\/p>\n<p class=\"wp-caption-text\">Foto: Valter Campanato\/Ag\u00eancia Brasil<\/p>\n<\/div>\n<p>De acordo com a f\u00f3rmula 85\/95, a soma da idade e do tempo de contribui\u00e7\u00e3o era de 85 anos para mulheres e 95 para homens. O tempo de trabalho das mulheres era de 30 anos e o dos homens, de 35 anos. Isso significa, por exemplo, que uma mulher que tenha trabalhado por 30 anos, precisaria ter pelo menos 55 anos para se aposentar.<\/p>\n<p>A partir de hoje, para se aposentar com o tempo m\u00ednimo de contribui\u00e7\u00e3o, ela dever\u00e1 ter 56 anos. A mesma soma precisar\u00e1 alcan\u00e7ar 86 e 96. A f\u00f3rmula ser\u00e1 aumentada gradualmente at\u00e9 2026.<\/p>\n<p>O pedido de aposentadoria pode ser solicitado pelo n\u00famero 135 ou pelo\u00a0<em>site<\/em>\u00a0do INSS.<\/p>\n<p>A regra de aposentadoria \u00e9 fixada pela Lei 13.183\/2015. Nos pr\u00f3ximos anos, a soma voltar\u00e1 a aumentar, sempre em um ano. A partir de 31 de dezembro de 2020, passar\u00e1 a ser 87\/97; de 31 de dezembro de 2022, 88\/98; de 31 de dezembro de 2024, 89\/99; e, em 31 de dezembro de 2026 chegar\u00e1 \u00e0 soma final de 90\/100.<\/p>\n<p>Al\u00e9m de se aposentar por essa regra, os trabalhadores podem atualmente se aposentar apenas por tempo m\u00ednimo de contribui\u00e7\u00e3o: 35 anos para os homens e 30 anos para as mulheres, independente da idade. Nesses casos, no entanto, poder\u00e1 ser aplicado o chamado fator previdenci\u00e1rio que, na pr\u00e1tica, reduz o valor da aposentadoria de quem se aposenta cedo.<\/p>\n<p>&nbsp;<\/p>\n<p>Ag\u00eancia Brasil<\/p>\n","protected":false},"excerpt":{"rendered":"<p>O c\u00e1lculo das aposentadorias por tempo de contribui\u00e7\u00e3o mudou hoje (31), quando foi acionada uma regra implementada por lei em 2015. A regra exige um&hellip; <\/p>\n","protected":false},"author":1,"featured_media":3668,"comment_status":"closed","ping_status":"closed","sticky":false,"template":"","format":"standard","meta":{"sfsi_plus_gutenberg_text_before_share":"","sfsi_plus_gutenberg_show_text_before_share":"","sfsi_plus_gutenberg_icon_type":"","sfsi_plus_gutenberg_icon_alignemt":"","sfsi_plus_gutenburg_max_per_row":"","footnotes":""},"categories":[50,2],"tags":[],"class_list":["post-78961","post","type-post","status-publish","format-standard","has-post-thumbnail","hentry","category-destaque","category-geral"],"_links":{"self":[{"href":"https:\/\/www.caririemacao.com\/1\/wp-json\/wp\/v2\/posts\/78961","targetHints":{"allow":["GET"]}}],"collection":[{"href":"https:\/\/www.caririemacao.com\/1\/wp-json\/wp\/v2\/posts"}],"about":[{"href":"https:\/\/www.caririemacao.com\/1\/wp-json\/wp\/v2\/types\/post"}],"author":[{"embeddable":true,"href":"https:\/\/www.caririemacao.com\/1\/wp-json\/wp\/v2\/users\/1"}],"replies":[{"embeddable":true,"href":"https:\/\/www.caririemacao.com\/1\/wp-json\/wp\/v2\/comments?post=78961"}],"version-history":[{"count":1,"href":"https:\/\/www.caririemacao.com\/1\/wp-json\/wp\/v2\/posts\/78961\/revisions"}],"predecessor-version":[{"id":78962,"href":"https:\/\/www.caririemacao.com\/1\/wp-json\/wp\/v2\/posts\/78961\/revisions\/78962"}],"wp:featuredmedia":[{"embeddable":true,"href":"https:\/\/www.caririemacao.com\/1\/wp-json\/wp\/v2\/media\/3668"}],"wp:attachment":[{"href":"https:\/\/www.caririemacao.com\/1\/wp-json\/wp\/v2\/media?parent=78961"}],"wp:term":[{"taxonomy":"category","embeddable":true,"href":"https:\/\/www.caririemacao.com\/1\/wp-json\/wp\/v2\/categories?post=78961"},{"taxonomy":"post_tag","embeddable":true,"href":"https:\/\/www.caririemacao.com\/1\/wp-json\/wp\/v2\/tags?post=78961"}],"curies":[{"name":"wp","href":"https:\/\/api.w.org\/{rel}","templated":true}]}}