{"id":78972,"date":"2018-12-31T08:48:10","date_gmt":"2018-12-31T11:48:10","guid":{"rendered":"http:\/\/www.caririemacao.com\/1\/?p=78972"},"modified":"2018-12-31T08:48:10","modified_gmt":"2018-12-31T11:48:10","slug":"responsaveis-pela-posse-dizem-que-a-festa-esta-pronta-e-sera-segura","status":"publish","type":"post","link":"https:\/\/www.caririemacao.com\/1\/2018\/12\/31\/responsaveis-pela-posse-dizem-que-a-festa-esta-pronta-e-sera-segura\/","title":{"rendered":"Respons\u00e1veis pela posse dizem que &#8220;a festa est\u00e1 pronta e ser\u00e1 segura\u201d"},"content":{"rendered":"<p>Sob um forte esquema de seguran\u00e7a, a equipe respons\u00e1vel pela cerim\u00f4nia de posse do presidente eleito, Jair Bolsonaro, realizou hoje (30), na Esplanada dos Minist\u00e9rios, o \u00faltimo ensaio para a cerim\u00f4nia, que ser\u00e1 realizada no dia 1\u00ba de janeiro.<\/p>\n<p>Ap\u00f3s o ensaio, o atual ministro do Gabinete de Seguran\u00e7a Institucional (GSI), general S\u00e9rgio Etchegoyen, disse que os preparativos para a cerim\u00f4nia est\u00e3o prontos e que n\u00e3o houve grandes altera\u00e7\u00f5es em rela\u00e7\u00e3o ao previsto no primeiro ensaio.<\/p>\n<p>\u201cA festa est\u00e1 pronta, ser\u00e1 segura e certamente vamos ter um dia primeiro para coroar o processo democr\u00e1tico que se iniciou l\u00e1 atr\u00e1s no primeiro turno [das elei\u00e7\u00f5es] no dia 7 de outubro\u201d, disse o ministro durante coletiva com jornalistas.<\/p>\n<p>Questionado se j\u00e1 havia uma decis\u00e3o sobre a utiliza\u00e7\u00e3o do desfile em carro aberto no tradicional Rolls-Royce, Etchegoyen disse n\u00e3o haver decis\u00e3o sobre o uso do autom\u00f3vel e que depender\u00e1 da vontade do presidente eleito.<\/p>\n<p>No primeiro ensaio, realizado no \u00faltimo domingo (23), o dubl\u00ea que interpretou Bolsonaro fez o trajeto da Catedral Metropolitana at\u00e9 o Congresso em carro aberto.\u00a0No ensaio deste domingo, o desfile foi realizado em carro fechado.<\/p>\n<p>\u201cA decis\u00e3o do carro aberto ou fechado ser\u00e1 decidida pelo presidente da Rep\u00fablica em conversa com o general [Augusto] Heleno [futuro comandante do GSI], j\u00e1 no dia da posse e conforme as circunst\u00e2ncias indicarem\u201d, afirmou.\u00a0\u201cA nossa responsabilidade, a minha e a do general Heleno, \u00e9 garantir que a vontade de 58 milh\u00f5es de brasileiros se concretize e para isso \u00e9 preciso dar seguran\u00e7a\u201d.<\/p>\n<p>Etchegoyen voltou a afirmar que s\u00e3o esperadas para a posse entre 250 a 500 mil pessoas. O ministro disse tamb\u00e9m que n\u00e3o h\u00e1 confirma\u00e7\u00e3o sobre a realiza\u00e7\u00e3o de uma cerim\u00f4nia ecum\u00eanica na Catedral de Bras\u00edlia.<\/p>\n<p>\u201cSomos um pa\u00eds grande, com significado no mundo, uma democracia importante que vai comemorar a posse de um presidente eleito. A nossa responsabilidade \u00e9 apenas garantir que a festa esteja segura\u201d, repetiu.\u00a0\u201cToda posse \u00e9 um per\u00edodo de esperan\u00e7a, independente de quem esteja assumindo, a posse \u00e9 sempre um momento de esperan\u00e7a. Essa festa tem que ser garantida com as melhores condi\u00e7\u00f5es de seguran\u00e7a\u201d.<\/p>\n<div class=\"dnd-widget-wrapper context-cheio_8colunas type-image\">\n<div class=\"dnd-atom-rendered\"><!-- scald=129905:cheio_8colunas --><\/div>\n<\/div>\n<h2>Ensaio<\/h2>\n<p>O ensaio de hoje fez o mesmo trajeto que Bolsonaro deve seguir no dia 1\u00ba\u00a0de janeiro. Pouco depois das 14h30, o dubl\u00ea do presidente eleito e a comitiva presidencial, com cavalos e policiais em carros e motos, sa\u00edram da Catedral em dire\u00e7\u00e3o ao Congresso Nacional.<\/p>\n<p>Al\u00e9m do desfile em carro fechado, desta vez o p\u00fablico n\u00e3o teve acesso ao ensaio. O acesso \u00e0 Esplanada foi interditado na altura da Rodovi\u00e1ria de Bras\u00edlia, com bloqueio aos minist\u00e9rios e \u00e0 Pra\u00e7a dos Tr\u00eas Poderes.<\/p>\n<p>Pelo cronograma, o desfile do cortejo presidencial da Catedral at\u00e9 o Congresso ocorrer\u00e1 por volta das 14h45, com previs\u00e3o de in\u00edcio da sess\u00e3o solene de posse no Plen\u00e1rio da C\u00e2mara dos Deputados \u00e0s 15h.<\/p>\n<p>Ap\u00f3s o Congresso, foi encenada a ida do presidente ao Pal\u00e1cio do Planalto, para a passagem da faixa presidencial e, por \u00faltimo, o cortejo chegou ao Itamaraty, onde ser\u00e1 realizada uma recep\u00e7\u00e3o para convidados e diplomatas.<\/p>\n<p>A previs\u00e3o \u00e9 que Bolsonaro chegue ao Planalto \u00e0s 16h30 e receba a faixa presidencial logo em seguida. Na sequ\u00eancia, dever\u00e1 fazer um pronunciamento oficial \u00e0 na\u00e7\u00e3o. A recep\u00e7\u00e3o no Itamaraty est\u00e1 prevista para come\u00e7ar as 19h, ap\u00f3s Bolsonaro ter recebido os cumprimentos de chefes de Governo e Estado e ter nomeado os novos ministros no Sal\u00e3o Nobre do Pal\u00e1cio do Planalto.<\/p>\n<h2>General Heleno<\/h2>\n<p>Presente na coletiva de jornalistas, o futuro ministro do GSI, Augusto Heleno, tamb\u00e9m falou sobre a cerim\u00f4nia de posse. Ao ser questionado sobre a presen\u00e7a de militares \u00e0 paisana entre o p\u00fablico que dever\u00e1 comparecer para a posse, Heleno desconversou. \u201cA\u00e7\u00f5es de seguran\u00e7a e de intelig\u00eancia t\u00eam um car\u00e1ter sigiloso. Outro dia me perguntaram quantos v\u00e3o ter na Esplanada: eu n\u00e3o contei. Falei de brincadeira. E se eu soubesse n\u00e3o diria\u201d, disse.<\/p>\n<p>O futuro ministro tamb\u00e9m comentou mensagem de Bolsonaro em uma rede social, na qual o presidente eleito disse que pretende garantir por meio de decreto a posse de armas de fogo aos cidad\u00e3os sem antecedentes criminais.<\/p>\n<p>O general disse que a libera\u00e7\u00e3o do\u00a0porte de armas era uma das promessas de campanha de Bolsonaro e comparou a libera\u00e7\u00e3o com o uso de autom\u00f3veis. De acordo com Heleno, desde que a posse seja concedida a quem est\u00e1 habilitado legalmente, ela \u00e9 semelhante \u00e0 permiss\u00e3o para conduzir autom\u00f3veis.<\/p>\n<p>\u201cEla se assemelha \u00e0 posse de um autom\u00f3vel. Muita gente argumenta que a posse da arma vai aumentar a criminalidade. Os dados s\u00e3o muito pol\u00eamicos em rela\u00e7\u00e3o a outros pa\u00edses e se formos considerar o n\u00famero de v\u00edtimas&#8230; n\u00e3o vou dizer o n\u00famero, mas se pegar vai ver que est\u00e1 em torno de 50 mil v\u00edtimas de acidentes de autom\u00f3vel. Se voc\u00ea for considerar isso, vamos proibir o pessoal de dirigir. Ningu\u00e9m pode sair de casa com o carro, porque algu\u00e9m est\u00e1 correndo o risco de morrer com um motorista irrespons\u00e1vel\u201d, disse.<\/p>\n<p>&nbsp;<\/p>\n<p>EBC<\/p>\n","protected":false},"excerpt":{"rendered":"<p>Sob um forte esquema de seguran\u00e7a, a equipe respons\u00e1vel pela cerim\u00f4nia de posse do presidente eleito, Jair Bolsonaro, realizou hoje (30), na Esplanada dos Minist\u00e9rios,&hellip; <\/p>\n","protected":false},"author":1,"featured_media":78973,"comment_status":"closed","ping_status":"closed","sticky":false,"template":"","format":"standard","meta":{"sfsi_plus_gutenberg_text_before_share":"","sfsi_plus_gutenberg_show_text_before_share":"","sfsi_plus_gutenberg_icon_type":"","sfsi_plus_gutenberg_icon_alignemt":"","sfsi_plus_gutenburg_max_per_row":"","footnotes":""},"categories":[11],"tags":[],"class_list":["post-78972","post","type-post","status-publish","format-standard","has-post-thumbnail","hentry","category-politica"],"_links":{"self":[{"href":"https:\/\/www.caririemacao.com\/1\/wp-json\/wp\/v2\/posts\/78972","targetHints":{"allow":["GET"]}}],"collection":[{"href":"https:\/\/www.caririemacao.com\/1\/wp-json\/wp\/v2\/posts"}],"about":[{"href":"https:\/\/www.caririemacao.com\/1\/wp-json\/wp\/v2\/types\/post"}],"author":[{"embeddable":true,"href":"https:\/\/www.caririemacao.com\/1\/wp-json\/wp\/v2\/users\/1"}],"replies":[{"embeddable":true,"href":"https:\/\/www.caririemacao.com\/1\/wp-json\/wp\/v2\/comments?post=78972"}],"version-history":[{"count":1,"href":"https:\/\/www.caririemacao.com\/1\/wp-json\/wp\/v2\/posts\/78972\/revisions"}],"predecessor-version":[{"id":78974,"href":"https:\/\/www.caririemacao.com\/1\/wp-json\/wp\/v2\/posts\/78972\/revisions\/78974"}],"wp:featuredmedia":[{"embeddable":true,"href":"https:\/\/www.caririemacao.com\/1\/wp-json\/wp\/v2\/media\/78973"}],"wp:attachment":[{"href":"https:\/\/www.caririemacao.com\/1\/wp-json\/wp\/v2\/media?parent=78972"}],"wp:term":[{"taxonomy":"category","embeddable":true,"href":"https:\/\/www.caririemacao.com\/1\/wp-json\/wp\/v2\/categories?post=78972"},{"taxonomy":"post_tag","embeddable":true,"href":"https:\/\/www.caririemacao.com\/1\/wp-json\/wp\/v2\/tags?post=78972"}],"curies":[{"name":"wp","href":"https:\/\/api.w.org\/{rel}","templated":true}]}}