{"id":78993,"date":"2018-12-31T08:58:44","date_gmt":"2018-12-31T11:58:44","guid":{"rendered":"http:\/\/www.caririemacao.com\/1\/?p=78993"},"modified":"2018-12-31T08:58:44","modified_gmt":"2018-12-31T11:58:44","slug":"ultimo-dia-de-mandato-ricardo-coutinho-entrega-serie-de-obras-nesta-segunda-feira","status":"publish","type":"post","link":"https:\/\/www.caririemacao.com\/1\/2018\/12\/31\/ultimo-dia-de-mandato-ricardo-coutinho-entrega-serie-de-obras-nesta-segunda-feira\/","title":{"rendered":"\u00daLTIMO DIA DE MANDATO: Ricardo Coutinho entrega s\u00e9rie de obras nesta segunda-feira"},"content":{"rendered":"<p>O governador Ricardo Coutinho inaugura uma s\u00e9rie de obras nesta segunda-feira (31), \u00faltimo dia do seu mandato. O ato simb\u00f3lico est\u00e1 programado para acontecer no bairro Mutir\u00e3o do Serrot\u00e3o, em Campina Grande, a partir das 10h.<\/p>\n<p>Al\u00e9m de Campina, as a\u00e7\u00f5es do Governo do Estado beneficiar\u00e3o outros munic\u00edpios paraibanos. Entre as obras a serem entregues por Ricardo, est\u00e3o a travessia urbana de Tapero\u00e1 e as Casas da Cidadania das cidades de Juazeirinho, Mari e Mamanguape.<\/p>\n<p>Confira abaixo as obras a serem inauguradas e os equipamentos que ser\u00e3o entregues:<\/p>\n<p>\u2013 urbaniza\u00e7\u00e3o do loteamento Mutir\u00e3o do Serrot\u00e3o de Campina Grande;<\/p>\n<p>\u2013 pavimenta\u00e7\u00e3o de diversas ruas de Santa Cruz;<\/p>\n<p>\u2013 pavimenta\u00e7\u00e3o no S\u00edtio Lagoa da Mata, em Araruna;<\/p>\n<p>\u2013 ramal de entrada da subesta\u00e7\u00e3o abrigada de 2.000 KVA do Centro Administrativo Estadual, em Jo\u00e3o Pessoa;<\/p>\n<p>\u2013 gin\u00e1sio da Escola Estadual Cidad\u00e3 Integral Jo\u00e3o \u00darsulo de Pedras de Fogo;<\/p>\n<p>\u2013 pavimenta\u00e7\u00e3o e drenagem de vias de acesso ao Hospital de Queimadas;<\/p>\n<p>\u2013 terraplanagem, pavimenta\u00e7\u00e3o e drenagem do acesso ao conjunto Cidade Ti\u00e3o do R\u00eago, em Queimadas;<\/p>\n<p>\u2013 travessia urbana de Tapero\u00e1;<\/p>\n<p>\u2013 Sistemas de dessaliniza\u00e7\u00e3o do Programa \u00c1gua Doce dos munic\u00edpios: Barra de Santana, Barra de Santa Rosa, Cara\u00fabas, Cubati, Cuit\u00e9, Juazeirinho, Nova Palmeira, Olivedos, Pocinhos, S\u00e3o Jo\u00e3o do Cariri, S\u00e3o Jos\u00e9 dos Cordeiros, S\u00e3o Vicente do Serid\u00f3, Soledade, Sossego e Tapero\u00e1;<\/p>\n<p>\u2013 Sistemas de abastecimento de \u00e1gua do Programa \u00c1gua para Todos dos munic\u00edpios: Sum\u00e9, Sert\u00e3ozinho, Riach\u00e3o do Po\u00e7o, Carrapateira, Junco do Serid\u00f3 e Pombal;<\/p>\n<p>\u2013 equipamentos de r\u00e1dio comunica\u00e7\u00e3o digital do Sistema Tetra,\u00a0correspondente \u00e0 \u00faltima fase do processo licitat\u00f3rio de aquisi\u00e7\u00e3o de sistema de tecnologia digital, para os \u00f3rg\u00e3os que integram a Secretaria de Seguran\u00e7a e Defesa Social;<\/p>\n<div>\n<div><\/div>\n<\/div>\n<p>\u2013 Casas da Cidadania dos munic\u00edpios: Juazeirinho, Mari e Mamanguape;- Triciclos aos catadores e catadoras de materiais recicl\u00e1veis;<\/p>\n<p>\u2013 reforma das escolas:<\/p>\n<p>\u2022 EEEF Tercia Bonavides Lins, em Jo\u00e3o Pessoa;<\/p>\n<p>\u2022 EEEF Ant\u00f4nia Rangel de Farias, em Jo\u00e3o Pessoa;<\/p>\n<p>\u2022 ECI Osvaldo Pessoa, em Jo\u00e3o Pessoa;<\/p>\n<p>\u2022 EEEFM Benedita Targino Maranh\u00e3o, em Jo\u00e3o Pessoa;<\/p>\n<p>\u2022 EEEM Cineasta Liduarte Noronha, em Jo\u00e3o Pessoa;<\/p>\n<p>\u2022 ECI Mons Sr. Pedro An\u00edsio Bezerra Dantas, em Jo\u00e3o Pessoa;<\/p>\n<p>\u2022 EEEF Prof. Jos\u00e9 Batista de Melo, em Jo\u00e3o Pessoa;<\/p>\n<p>\u2022 EEEFM Jo\u00e3o da Cunha Vinagre, no Conde;<\/p>\n<p>\u2022 EEEFM Pedro An\u00edbal Moura, em Cabedelo<\/p>\n<p><br clear=\"all\" \/><br clear=\"all\" \/><\/p>\n<p>Para\u00edba J\u00e1<\/p>\n","protected":false},"excerpt":{"rendered":"<p>O governador Ricardo Coutinho inaugura uma s\u00e9rie de obras nesta segunda-feira (31), \u00faltimo dia do seu mandato. O ato simb\u00f3lico est\u00e1 programado para acontecer no&hellip; <\/p>\n","protected":false},"author":1,"featured_media":71370,"comment_status":"closed","ping_status":"closed","sticky":false,"template":"","format":"standard","meta":{"sfsi_plus_gutenberg_text_before_share":"","sfsi_plus_gutenberg_show_text_before_share":"","sfsi_plus_gutenberg_icon_type":"","sfsi_plus_gutenberg_icon_alignemt":"","sfsi_plus_gutenburg_max_per_row":"","footnotes":""},"categories":[11],"tags":[],"class_list":["post-78993","post","type-post","status-publish","format-standard","has-post-thumbnail","hentry","category-politica"],"_links":{"self":[{"href":"https:\/\/www.caririemacao.com\/1\/wp-json\/wp\/v2\/posts\/78993","targetHints":{"allow":["GET"]}}],"collection":[{"href":"https:\/\/www.caririemacao.com\/1\/wp-json\/wp\/v2\/posts"}],"about":[{"href":"https:\/\/www.caririemacao.com\/1\/wp-json\/wp\/v2\/types\/post"}],"author":[{"embeddable":true,"href":"https:\/\/www.caririemacao.com\/1\/wp-json\/wp\/v2\/users\/1"}],"replies":[{"embeddable":true,"href":"https:\/\/www.caririemacao.com\/1\/wp-json\/wp\/v2\/comments?post=78993"}],"version-history":[{"count":1,"href":"https:\/\/www.caririemacao.com\/1\/wp-json\/wp\/v2\/posts\/78993\/revisions"}],"predecessor-version":[{"id":78994,"href":"https:\/\/www.caririemacao.com\/1\/wp-json\/wp\/v2\/posts\/78993\/revisions\/78994"}],"wp:featuredmedia":[{"embeddable":true,"href":"https:\/\/www.caririemacao.com\/1\/wp-json\/wp\/v2\/media\/71370"}],"wp:attachment":[{"href":"https:\/\/www.caririemacao.com\/1\/wp-json\/wp\/v2\/media?parent=78993"}],"wp:term":[{"taxonomy":"category","embeddable":true,"href":"https:\/\/www.caririemacao.com\/1\/wp-json\/wp\/v2\/categories?post=78993"},{"taxonomy":"post_tag","embeddable":true,"href":"https:\/\/www.caririemacao.com\/1\/wp-json\/wp\/v2\/tags?post=78993"}],"curies":[{"name":"wp","href":"https:\/\/api.w.org\/{rel}","templated":true}]}}