{"id":78995,"date":"2018-12-31T09:01:24","date_gmt":"2018-12-31T12:01:24","guid":{"rendered":"http:\/\/www.caririemacao.com\/1\/?p=78995"},"modified":"2018-12-31T09:01:24","modified_gmt":"2018-12-31T12:01:24","slug":"ufpb-publica-no-diario-oficial-edital-de-concurso-publico-para-servidores-com-130-vagas","status":"publish","type":"post","link":"https:\/\/www.caririemacao.com\/1\/2018\/12\/31\/ufpb-publica-no-diario-oficial-edital-de-concurso-publico-para-servidores-com-130-vagas\/","title":{"rendered":"UFPB publica no Di\u00e1rio Oficial edital de concurso p\u00fablico para servidores com 130 vagas"},"content":{"rendered":"<p>A Universidade Federal da Para\u00edba (UFPB) publicou na edi\u00e7\u00e3o do Di\u00e1rio Oficial da Uni\u00e3o desta segunda-feira (31), \u00faltimo dia do ano, o edital do concurso p\u00fablico para servidores t\u00e9cnico-administrativos. Ao todo, est\u00e3o sendo ofertadas 130 vagas. Para o cargo de n\u00edvel m\u00e9dio &#8220;assistente em administra\u00e7\u00e3o&#8221; est\u00e3o sendo oferecidas\u00a068 vagas, com\u00a0sal\u00e1rio inicial de R$ 2.446,96 + R$ 458,00 (aux\u00edlio alimenta\u00e7\u00e3o), somado ainda v\u00e1rios outros benef\u00edcios.<\/p>\n<p><a href=\"http:\/\/www.in.gov.br\/materia\/-\/asset_publisher\/Kujrw0TZC2Mb\/content\/id\/57390371\" target=\"true\">CONFIRA AQUI O EDITAL<\/a><\/p>\n<p>Para os cargos de n\u00edvel superior, sal\u00e1rio base \u00e9 de R$ 4.180,66.\u00a0O per\u00edodo para a realiza\u00e7\u00e3o das inscri\u00e7\u00f5es ser\u00e1 a partir das 9h\u00a0do dia 21\/01\/2019 \u00e0s 23h59\u00a0do dia 25\/02\/2019.<\/p>\n<p>O Concurso P\u00fablico ser\u00e1 executado pelo Instituto AOCP.\u00a0As taxas de inscri\u00e7\u00e3o v\u00e3o de\u00a0R$ 45,00 a\u00a0R$ 85,00, dependendo dos cargos.<\/p>\n<p>As provas ser\u00e3o aplicadas na data prevista de 07 de abril de 2019.\u00a0A Prova Objetiva ser\u00e1 realizada nas cidades de Jo\u00e3o Pessoa, Mamanguape, Rio Tinto, Bananeiras e Areia, localizadas no Estado da Para\u00edba.<\/p>\n","protected":false},"excerpt":{"rendered":"<p>A Universidade Federal da Para\u00edba (UFPB) publicou na edi\u00e7\u00e3o do Di\u00e1rio Oficial da Uni\u00e3o desta segunda-feira (31), \u00faltimo dia do ano, o edital do concurso&hellip; <\/p>\n","protected":false},"author":1,"featured_media":49706,"comment_status":"closed","ping_status":"closed","sticky":false,"template":"","format":"standard","meta":{"sfsi_plus_gutenberg_text_before_share":"","sfsi_plus_gutenberg_show_text_before_share":"","sfsi_plus_gutenberg_icon_type":"","sfsi_plus_gutenberg_icon_alignemt":"","sfsi_plus_gutenburg_max_per_row":"","footnotes":""},"categories":[14],"tags":[],"class_list":["post-78995","post","type-post","status-publish","format-standard","has-post-thumbnail","hentry","category-educacao"],"_links":{"self":[{"href":"https:\/\/www.caririemacao.com\/1\/wp-json\/wp\/v2\/posts\/78995","targetHints":{"allow":["GET"]}}],"collection":[{"href":"https:\/\/www.caririemacao.com\/1\/wp-json\/wp\/v2\/posts"}],"about":[{"href":"https:\/\/www.caririemacao.com\/1\/wp-json\/wp\/v2\/types\/post"}],"author":[{"embeddable":true,"href":"https:\/\/www.caririemacao.com\/1\/wp-json\/wp\/v2\/users\/1"}],"replies":[{"embeddable":true,"href":"https:\/\/www.caririemacao.com\/1\/wp-json\/wp\/v2\/comments?post=78995"}],"version-history":[{"count":1,"href":"https:\/\/www.caririemacao.com\/1\/wp-json\/wp\/v2\/posts\/78995\/revisions"}],"predecessor-version":[{"id":78996,"href":"https:\/\/www.caririemacao.com\/1\/wp-json\/wp\/v2\/posts\/78995\/revisions\/78996"}],"wp:featuredmedia":[{"embeddable":true,"href":"https:\/\/www.caririemacao.com\/1\/wp-json\/wp\/v2\/media\/49706"}],"wp:attachment":[{"href":"https:\/\/www.caririemacao.com\/1\/wp-json\/wp\/v2\/media?parent=78995"}],"wp:term":[{"taxonomy":"category","embeddable":true,"href":"https:\/\/www.caririemacao.com\/1\/wp-json\/wp\/v2\/categories?post=78995"},{"taxonomy":"post_tag","embeddable":true,"href":"https:\/\/www.caririemacao.com\/1\/wp-json\/wp\/v2\/tags?post=78995"}],"curies":[{"name":"wp","href":"https:\/\/api.w.org\/{rel}","templated":true}]}}