{"id":79001,"date":"2018-12-31T10:24:29","date_gmt":"2018-12-31T13:24:29","guid":{"rendered":"http:\/\/www.caririemacao.com\/1\/?p=79001"},"modified":"2018-12-31T10:24:29","modified_gmt":"2018-12-31T13:24:29","slug":"prefeita-anna-lorena-emite-nota-de-felicitacoes-para-o-novo-ano","status":"publish","type":"post","link":"https:\/\/www.caririemacao.com\/1\/2018\/12\/31\/prefeita-anna-lorena-emite-nota-de-felicitacoes-para-o-novo-ano\/","title":{"rendered":"Prefeita Anna Lorena emite nota de felicita\u00e7\u00f5es para o novo ano"},"content":{"rendered":"<p>A prefeita do munic\u00edpio de Monteiro, Anna Lorena, emitiu na manh\u00e3 desta segunda-feira, 31, uma mensagem destinada a todos os moneteirenses, agradecendo por mais um ano de trabalho e felicitando por mais um ano que se inicia.<\/p>\n<p>Confira a nota na \u00edntegra:<\/p>\n<p><i>Caros amigos, colegas de trabalho e todas as fam\u00edlias monteirenses, que nesta virada de ano possamos voltar o nosso olhar para todas as b\u00ean\u00e7\u00e3os recebidas neste ano de 2018 e louvar a Deus por tudo. Assim como agradecer cada vit\u00f3ria conquistada e cada obst\u00e1culo vencido. <\/i><\/p>\n<p><i>A cidade de Monteiro tem sido aben\u00e7oada por cada investimento feito, cada pedra colocada no ch\u00e3o, cada obra entregue, cada atendimento realizado foi pensando no bem primordial da cidade, voc\u00ea!<\/i><\/p>\n<p><i>Levamos conosco, assim como cada cidad\u00e3o da princesa do Cariri, um olhar de esperan\u00e7a, sonhos e de novas conquistas. A cada dia aprendemos com nossos erros assim como com nossas vit\u00f3rias, sabendo que o importante \u00e9 que todos os dias vivemos algo novo.<\/i><\/p>\n<p><i>Que o novo ano que se inicia, possamos viver intensamente cada momento com muita paz, esperan\u00e7a e sa\u00fade, pois a vida \u00e9 uma d\u00e1diva e cada instante \u00e9 uma ben\u00e7\u00e3o de Deus. Vamos juntos refletir a cada dia sobre este novo tempo que se aproxima, cultivando sempre os sentimentos de amor, paz, solidariedade e f\u00e9.<\/i><\/p>\n<p><i>Em 2019 continuaremos contribuindo para conquistar novas realiza\u00e7\u00f5es que melhorem a qualidade de vida de cada um que ama esta terra e fez dela sua morada, seu porto seguro, seja no campo ou na cidade. Que tenhamos muita paz, e a f\u00e9 seja renovada e fortificada no cora\u00e7\u00e3o de cada um pois todo Ano Novo \u00e9 hora de renascer, de florescer, de viver de novo. <\/i><\/p>\n<p>&nbsp;<\/p>\n<p><i>Enfim, desejo a todos um 2019 com uma cidade cada vez melhor!<\/i><\/p>\n<p><i>Anna Lorena de Farias Leite N\u00f3brega<\/i><\/p>\n<p><i>Prefeita de Monteiro<\/i><\/p>\n","protected":false},"excerpt":{"rendered":"<p>A prefeita do munic\u00edpio de Monteiro, Anna Lorena, emitiu na manh\u00e3 desta segunda-feira, 31, uma mensagem destinada a todos os moneteirenses, agradecendo por mais um&hellip; <\/p>\n","protected":false},"author":1,"featured_media":12074,"comment_status":"closed","ping_status":"closed","sticky":false,"template":"","format":"standard","meta":{"sfsi_plus_gutenberg_text_before_share":"","sfsi_plus_gutenberg_show_text_before_share":"","sfsi_plus_gutenberg_icon_type":"","sfsi_plus_gutenberg_icon_alignemt":"","sfsi_plus_gutenburg_max_per_row":"","footnotes":""},"categories":[6],"tags":[],"class_list":["post-79001","post","type-post","status-publish","format-standard","has-post-thumbnail","hentry","category-cidades"],"_links":{"self":[{"href":"https:\/\/www.caririemacao.com\/1\/wp-json\/wp\/v2\/posts\/79001","targetHints":{"allow":["GET"]}}],"collection":[{"href":"https:\/\/www.caririemacao.com\/1\/wp-json\/wp\/v2\/posts"}],"about":[{"href":"https:\/\/www.caririemacao.com\/1\/wp-json\/wp\/v2\/types\/post"}],"author":[{"embeddable":true,"href":"https:\/\/www.caririemacao.com\/1\/wp-json\/wp\/v2\/users\/1"}],"replies":[{"embeddable":true,"href":"https:\/\/www.caririemacao.com\/1\/wp-json\/wp\/v2\/comments?post=79001"}],"version-history":[{"count":1,"href":"https:\/\/www.caririemacao.com\/1\/wp-json\/wp\/v2\/posts\/79001\/revisions"}],"predecessor-version":[{"id":79016,"href":"https:\/\/www.caririemacao.com\/1\/wp-json\/wp\/v2\/posts\/79001\/revisions\/79016"}],"wp:featuredmedia":[{"embeddable":true,"href":"https:\/\/www.caririemacao.com\/1\/wp-json\/wp\/v2\/media\/12074"}],"wp:attachment":[{"href":"https:\/\/www.caririemacao.com\/1\/wp-json\/wp\/v2\/media?parent=79001"}],"wp:term":[{"taxonomy":"category","embeddable":true,"href":"https:\/\/www.caririemacao.com\/1\/wp-json\/wp\/v2\/categories?post=79001"},{"taxonomy":"post_tag","embeddable":true,"href":"https:\/\/www.caririemacao.com\/1\/wp-json\/wp\/v2\/tags?post=79001"}],"curies":[{"name":"wp","href":"https:\/\/api.w.org\/{rel}","templated":true}]}}