{"id":79013,"date":"2018-12-31T10:23:29","date_gmt":"2018-12-31T13:23:29","guid":{"rendered":"http:\/\/www.caririemacao.com\/1\/?p=79013"},"modified":"2018-12-31T10:23:29","modified_gmt":"2018-12-31T13:23:29","slug":"prefeito-de-camalau-deseja-boas-festas-a-toda-populacao","status":"publish","type":"post","link":"https:\/\/www.caririemacao.com\/1\/2018\/12\/31\/prefeito-de-camalau-deseja-boas-festas-a-toda-populacao\/","title":{"rendered":"Prefeito de Camala\u00fa deseja boas festas \u00e0 toda popula\u00e7\u00e3o"},"content":{"rendered":"<p style=\"font-weight: 400;\">O prefeito de Camala\u00fa Sandro M\u00f4co avaliou como positivo apesar das dificuldades o ano de 2018.<\/p>\n<p style=\"font-weight: 400;\">A gest\u00e3o de Sandro conseguiu v\u00e1rias conquistas para o munic\u00edpio este ano e foi reconhecida pela popula\u00e7\u00e3o, que agradeceu e valorizou o trabalho do prefeito<\/p>\n<p style=\"font-weight: 400;\">Sandro M\u00f4co deixou tamb\u00e9m sua mensagem de Ano Novo para toda popula\u00e7\u00e3o de Camala\u00fa:<\/p>\n<p style=\"font-weight: 400;\">\u201c<em>Que este novo ano chegue primeiramente com muita sa\u00fade e coragem, pois assim j\u00e1 temos o suficiente para conseguirmos todo o resto.<\/em><\/p>\n<p style=\"font-weight: 400;\"><em>Agora \u00e9 tempo de encher o cora\u00e7\u00e3o de otimismo, esperan\u00e7a e sonhos, \u00e9 tempo de recome\u00e7ar e renovar, pois um novo ano vai come\u00e7ar e devemos viv\u00ea-lo e aproveit\u00e1-lo ao m\u00e1ximo<\/em><\/p>\n<p style=\"font-weight: 400;\"><em>Feliz Ano Novo povo de Camala\u00fa\u201d<\/em><\/p>\n<p style=\"font-weight: 400;\"><strong>Sandro M\u00f4co- Prefeito.<\/strong><\/p>\n<p>Ascom camala\u00fa<\/p>\n","protected":false},"excerpt":{"rendered":"<p>O prefeito de Camala\u00fa Sandro M\u00f4co avaliou como positivo apesar das dificuldades o ano de 2018. A gest\u00e3o de Sandro conseguiu v\u00e1rias conquistas para o&hellip; <\/p>\n","protected":false},"author":1,"featured_media":79014,"comment_status":"closed","ping_status":"closed","sticky":false,"template":"","format":"standard","meta":{"sfsi_plus_gutenberg_text_before_share":"","sfsi_plus_gutenberg_show_text_before_share":"","sfsi_plus_gutenberg_icon_type":"","sfsi_plus_gutenberg_icon_alignemt":"","sfsi_plus_gutenburg_max_per_row":"","footnotes":""},"categories":[6],"tags":[],"class_list":["post-79013","post","type-post","status-publish","format-standard","has-post-thumbnail","hentry","category-cidades"],"_links":{"self":[{"href":"https:\/\/www.caririemacao.com\/1\/wp-json\/wp\/v2\/posts\/79013","targetHints":{"allow":["GET"]}}],"collection":[{"href":"https:\/\/www.caririemacao.com\/1\/wp-json\/wp\/v2\/posts"}],"about":[{"href":"https:\/\/www.caririemacao.com\/1\/wp-json\/wp\/v2\/types\/post"}],"author":[{"embeddable":true,"href":"https:\/\/www.caririemacao.com\/1\/wp-json\/wp\/v2\/users\/1"}],"replies":[{"embeddable":true,"href":"https:\/\/www.caririemacao.com\/1\/wp-json\/wp\/v2\/comments?post=79013"}],"version-history":[{"count":1,"href":"https:\/\/www.caririemacao.com\/1\/wp-json\/wp\/v2\/posts\/79013\/revisions"}],"predecessor-version":[{"id":79015,"href":"https:\/\/www.caririemacao.com\/1\/wp-json\/wp\/v2\/posts\/79013\/revisions\/79015"}],"wp:featuredmedia":[{"embeddable":true,"href":"https:\/\/www.caririemacao.com\/1\/wp-json\/wp\/v2\/media\/79014"}],"wp:attachment":[{"href":"https:\/\/www.caririemacao.com\/1\/wp-json\/wp\/v2\/media?parent=79013"}],"wp:term":[{"taxonomy":"category","embeddable":true,"href":"https:\/\/www.caririemacao.com\/1\/wp-json\/wp\/v2\/categories?post=79013"},{"taxonomy":"post_tag","embeddable":true,"href":"https:\/\/www.caririemacao.com\/1\/wp-json\/wp\/v2\/tags?post=79013"}],"curies":[{"name":"wp","href":"https:\/\/api.w.org\/{rel}","templated":true}]}}