{"id":79022,"date":"2018-12-31T10:28:26","date_gmt":"2018-12-31T13:28:26","guid":{"rendered":"http:\/\/www.caririemacao.com\/1\/?p=79022"},"modified":"2018-12-31T10:28:26","modified_gmt":"2018-12-31T13:28:26","slug":"ifpb-lanca-concurso-publico-para-docente-e-tecnico-administrativo","status":"publish","type":"post","link":"https:\/\/www.caririemacao.com\/1\/2018\/12\/31\/ifpb-lanca-concurso-publico-para-docente-e-tecnico-administrativo\/","title":{"rendered":"IFPB lan\u00e7a concurso p\u00fablico para docente e t\u00e9cnico-administrativo"},"content":{"rendered":"<p>to Federal de Educa\u00e7\u00e3o, Ci\u00eancia e Tecnologia da Para\u00edba (IFPB) publicou nessa segunda-feira (31\/12), no Di\u00e1rio Oficial da Uni\u00e3o, tr\u00eas editais de concurso p\u00fablico.<\/p>\n<p>Os\u00a0<a class=\"m_7680873843429381790external-link\" title=\"\" href=\"http:\/\/pesquisa.in.gov.br\/imprensa\/jsp\/visualiza\/index.jsp?data=31\/12\/2018&amp;jornal=530&amp;pagina=71&amp;totalArquivos=324\" target=\"_blank\" rel=\"noopener\" data-saferedirecturl=\"https:\/\/www.google.com\/url?q=http:\/\/pesquisa.in.gov.br\/imprensa\/jsp\/visualiza\/index.jsp?data%3D31\/12\/2018%26jornal%3D530%26pagina%3D71%26totalArquivos%3D324&amp;source=gmail&amp;ust=1546342047370000&amp;usg=AFQjCNFUQPVA6YBKmmK_l37joHcHbRZ6Kg\">Editais n\u00ba 147\/2018<\/a>\u00a0 e\u00a0<a class=\"m_7680873843429381790external-link\" title=\"\" href=\"http:\/\/pesquisa.in.gov.br\/imprensa\/jsp\/visualiza\/index.jsp?data=31\/12\/2018&amp;jornal=530&amp;pagina=77&amp;totalArquivos=324\" target=\"_blank\" rel=\"noopener\" data-saferedirecturl=\"https:\/\/www.google.com\/url?q=http:\/\/pesquisa.in.gov.br\/imprensa\/jsp\/visualiza\/index.jsp?data%3D31\/12\/2018%26jornal%3D530%26pagina%3D77%26totalArquivos%3D324&amp;source=gmail&amp;ust=1546342047370000&amp;usg=AFQjCNFfp-u1c5aBXayXixgbuDrqsNhyTQ\">n\u00ba 149\/2018<\/a>\u00a0s\u00e3o\u00a0destinados ao preenchimento de cargos da carreira de T\u00e9cnico-Administrativo em Educa\u00e7\u00e3o nos n\u00edveis C, D e E.<\/p>\n<p>J\u00e1 o\u00a0<a class=\"m_7680873843429381790external-link\" title=\"\" href=\"http:\/\/pesquisa.in.gov.br\/imprensa\/jsp\/visualiza\/index.jsp?data=31\/12\/2018&amp;jornal=530&amp;pagina=80&amp;totalArquivos=324\" target=\"_blank\" rel=\"noopener\" data-saferedirecturl=\"https:\/\/www.google.com\/url?q=http:\/\/pesquisa.in.gov.br\/imprensa\/jsp\/visualiza\/index.jsp?data%3D31\/12\/2018%26jornal%3D530%26pagina%3D80%26totalArquivos%3D324&amp;source=gmail&amp;ust=1546342047370000&amp;usg=AFQjCNH6KZhuL-s7QbRbcv75yJwNtb9xmg\">Edital n\u00ba 148\/2018<\/a>\u00a0oferta vagas para o cargo de Professor do Ensino B\u00e1sico, T\u00e9cnico e Tecnol\u00f3gico (EBTT) de v\u00e1rios c\u00f3digos.<\/p>\n<div id=\"attachment_149918\" class=\"wp-caption aligncenter\"><img decoding=\"async\" class=\"wp-image-149918 size-full lazyload\" data-src=\"https:\/\/paraibaonline.com.br\/wp-content\/uploads\/2017\/06\/ifpb.jpg\" data-srcset=\"https:\/\/paraibaonline.com.br\/wp-content\/uploads\/2017\/06\/ifpb.jpg 800w, https:\/\/paraibaonline.com.br\/wp-content\/uploads\/2017\/06\/ifpb-556x417.jpg 556w\" alt=\"\" src=\"data:image\/svg+xml;base64,PHN2ZyB3aWR0aD0iMSIgaGVpZ2h0PSIxIiB4bWxucz0iaHR0cDovL3d3dy53My5vcmcvMjAwMC9zdmciPjwvc3ZnPg==\" \/><\/p>\n<p class=\"wp-caption-text\">Foto: Ascom<\/p>\n<\/div>\n<p>Est\u00e3o sendo disponibilizadas 90 vagas para o cargo de professor EBTT e 38 para os cargos t\u00e9cnico-administrativos, dentre os quais: M\u00e9dico, Pedagogo, Nutricionista, Jornalista, Contador, Bibliotec\u00e1rio, Assistente Social, Administrador, T\u00e9cnico de Laborat\u00f3rio, Assistente em Administra\u00e7\u00e3o, Assistente de Alunos e Tradutor e Int\u00e9rprete de Linguagem de Sinais (este \u00faltimo com edital pr\u00f3prio).<\/p>\n<p>Os cargos com maior n\u00famero de vagas s\u00e3o Assistente em Administra\u00e7\u00e3o (8 vagas), Nutricionista (4), M\u00e9dico (3) e Assistente Social (3).<\/p>\n<p>As inscri\u00e7\u00f5es ser\u00e3o feitas em per\u00edodos distintos: de 15 de janeiro a 11 de fevereiro de 2019 para os cargos de t\u00e9cnico-administrativo (Editais n\u00ba 147\/2018\u00a0 e n\u00ba 149\/2018) e de\u00a022 de janeiro a 18 de fevereiro de 2019 para o cargo de docente.<\/p>\n<p>Todas as inscri\u00e7\u00f5es ser\u00e3o realizadas\u00a0atrav\u00e9s do portal da\u00a0Comiss\u00e3o Permanente de Concursos P\u00fablicos (Compec), \u00f3rg\u00e3o do IFPB que ser\u00e1 respons\u00e1vel pelo processo seletivo.<\/p>\n<p>As provas est\u00e3o previstas para acontecer no dia 17 de mar\u00e7o de 2019 (para os cargos do Edital n\u00ba 147\/2018) e no dia 31 de mar\u00e7o de 2019 (para o cargo de Tradutor e Int\u00e9rprete de Libras).<\/p>\n<p>J\u00e1 as provas objetivas para o cargo de professor devem acontecer em 14 de abril de 2019 e as provas de desempenho no per\u00edodo de 03 a 19 de junho de 2019.<\/p>\n<p>O Instituto Federal da Para\u00edba possui, atualmente, mais de 20 unidades espalhadas em todo o Estado.<\/p>\n<p>O sal\u00e1rio inicial da carreira de professor no IFPB \u00e9 de R$ 4.463,93, mas varia de acordo com\u00a0a titula\u00e7\u00e3o apresentada pelo candidato no momento de sua nomea\u00e7\u00e3o.<\/p>\n<p>Para os t\u00e9cnico-administrativos, os sal\u00e1rios iniciais correspondem a R$ 1.945,07 (n\u00edvel C), R$\u00a02.446,96 (n\u00edvel D) e R$\u00a04.180,66 (n\u00edvel E).<\/p>\n<p>Paraiba online<\/p>\n","protected":false},"excerpt":{"rendered":"<p>to Federal de Educa\u00e7\u00e3o, Ci\u00eancia e Tecnologia da Para\u00edba (IFPB) publicou nessa segunda-feira (31\/12), no Di\u00e1rio Oficial da Uni\u00e3o, tr\u00eas editais de concurso p\u00fablico. Os\u00a0Editais&hellip; <\/p>\n","protected":false},"author":1,"featured_media":79023,"comment_status":"closed","ping_status":"closed","sticky":false,"template":"","format":"standard","meta":{"sfsi_plus_gutenberg_text_before_share":"","sfsi_plus_gutenberg_show_text_before_share":"","sfsi_plus_gutenberg_icon_type":"","sfsi_plus_gutenberg_icon_alignemt":"","sfsi_plus_gutenburg_max_per_row":"","footnotes":""},"categories":[2],"tags":[],"class_list":["post-79022","post","type-post","status-publish","format-standard","has-post-thumbnail","hentry","category-geral"],"_links":{"self":[{"href":"https:\/\/www.caririemacao.com\/1\/wp-json\/wp\/v2\/posts\/79022","targetHints":{"allow":["GET"]}}],"collection":[{"href":"https:\/\/www.caririemacao.com\/1\/wp-json\/wp\/v2\/posts"}],"about":[{"href":"https:\/\/www.caririemacao.com\/1\/wp-json\/wp\/v2\/types\/post"}],"author":[{"embeddable":true,"href":"https:\/\/www.caririemacao.com\/1\/wp-json\/wp\/v2\/users\/1"}],"replies":[{"embeddable":true,"href":"https:\/\/www.caririemacao.com\/1\/wp-json\/wp\/v2\/comments?post=79022"}],"version-history":[{"count":1,"href":"https:\/\/www.caririemacao.com\/1\/wp-json\/wp\/v2\/posts\/79022\/revisions"}],"predecessor-version":[{"id":79024,"href":"https:\/\/www.caririemacao.com\/1\/wp-json\/wp\/v2\/posts\/79022\/revisions\/79024"}],"wp:featuredmedia":[{"embeddable":true,"href":"https:\/\/www.caririemacao.com\/1\/wp-json\/wp\/v2\/media\/79023"}],"wp:attachment":[{"href":"https:\/\/www.caririemacao.com\/1\/wp-json\/wp\/v2\/media?parent=79022"}],"wp:term":[{"taxonomy":"category","embeddable":true,"href":"https:\/\/www.caririemacao.com\/1\/wp-json\/wp\/v2\/categories?post=79022"},{"taxonomy":"post_tag","embeddable":true,"href":"https:\/\/www.caririemacao.com\/1\/wp-json\/wp\/v2\/tags?post=79022"}],"curies":[{"name":"wp","href":"https:\/\/api.w.org\/{rel}","templated":true}]}}