{"id":79028,"date":"2018-12-31T10:51:47","date_gmt":"2018-12-31T13:51:47","guid":{"rendered":"http:\/\/www.caririemacao.com\/1\/?p=79028"},"modified":"2018-12-31T10:51:47","modified_gmt":"2018-12-31T13:51:47","slug":"joao-azevedo-divulga-mensagem-e-destaca-intencao-de-fortalecer-a-paraiba-em-2019","status":"publish","type":"post","link":"https:\/\/www.caririemacao.com\/1\/2018\/12\/31\/joao-azevedo-divulga-mensagem-e-destaca-intencao-de-fortalecer-a-paraiba-em-2019\/","title":{"rendered":"Jo\u00e3o Azev\u00eado divulga mensagem e destaca inten\u00e7\u00e3o de fortalecer a Para\u00edba em 2019"},"content":{"rendered":"<p>Jo\u00e3o Azev\u00eado, que toma posse como governador da Para\u00edba nesta ter\u00e7a-feira (1\u00ba) divulgou uma mensagem de fim de ano nesta segunda-feira (31), v\u00e9spera de 2019. Atrav\u00e9s de v\u00eddeo, Jo\u00e3o Azev\u00eado ressaltou as conquistas deste ano de 2018, lembrando tamb\u00e9m da campanha eleitoral que terminou como vencedor.<\/p>\n<p>\u201cE \u00e9 exatamente com esse esp\u00edrito que n\u00f3s esperamos que 2019 seja este ano de continuidade, de novas conquistas. E tenho a certeza do esfor\u00e7o, da dedica\u00e7\u00e3o que n\u00f3s teremos em 2019 estando na condi\u00e7\u00e3o de governador e com uma grande equipe que n\u00f3s montamos, fazer a Para\u00edba se fortalecer\u201d, destacou.<\/p>\n<p>Ele ainda manifestou votos de um \u201cgrande 2019\u201d. Dirigindo-se aos paraibanos, Jo\u00e3o desejou \u201cque seja esse ano um ano de muitas vit\u00f3rias e alegrias. E eu tenho certeza que no final de 2019 n\u00f3s estaremos aqui de volta comemorando muito\u201d.<\/p>\n<div class=\"videoContainer\"><iframe data-src=\"https:\/\/www.youtube.com\/embed\/uUhSXYEQzj8\" width=\"560\" height=\"315\" frameborder=\"0\" allowfullscreen=\"allowfullscreen\" data-mce-fragment=\"1\" src=\"data:image\/svg+xml;base64,PHN2ZyB3aWR0aD0iMSIgaGVpZ2h0PSIxIiB4bWxucz0iaHR0cDovL3d3dy53My5vcmcvMjAwMC9zdmciPjwvc3ZnPg==\" class=\"lazyload\" data-load-mode=\"1\"><\/iframe><\/div>\n<section class=\"pg-newDetail__shareMobile\">\n<h1 class=\"pg-newDetail__shareMobile__title\">clickPB<\/h1>\n<div class=\"a2a_default_style\"><\/div>\n<\/section>\n<div class=\"c-comment\">\n<div id=\"fb-root\" class=\" fb_reset\">\n<div>\n<div><\/div>\n<div><\/div>\n<\/div>\n<\/div>\n<\/div>\n","protected":false},"excerpt":{"rendered":"<p>Jo\u00e3o Azev\u00eado, que toma posse como governador da Para\u00edba nesta ter\u00e7a-feira (1\u00ba) divulgou uma mensagem de fim de ano nesta segunda-feira (31), v\u00e9spera de 2019.&hellip; <\/p>\n","protected":false},"author":1,"featured_media":77327,"comment_status":"closed","ping_status":"closed","sticky":false,"template":"","format":"standard","meta":{"sfsi_plus_gutenberg_text_before_share":"","sfsi_plus_gutenberg_show_text_before_share":"","sfsi_plus_gutenberg_icon_type":"","sfsi_plus_gutenberg_icon_alignemt":"","sfsi_plus_gutenburg_max_per_row":"","footnotes":""},"categories":[11],"tags":[],"class_list":["post-79028","post","type-post","status-publish","format-standard","has-post-thumbnail","hentry","category-politica"],"_links":{"self":[{"href":"https:\/\/www.caririemacao.com\/1\/wp-json\/wp\/v2\/posts\/79028","targetHints":{"allow":["GET"]}}],"collection":[{"href":"https:\/\/www.caririemacao.com\/1\/wp-json\/wp\/v2\/posts"}],"about":[{"href":"https:\/\/www.caririemacao.com\/1\/wp-json\/wp\/v2\/types\/post"}],"author":[{"embeddable":true,"href":"https:\/\/www.caririemacao.com\/1\/wp-json\/wp\/v2\/users\/1"}],"replies":[{"embeddable":true,"href":"https:\/\/www.caririemacao.com\/1\/wp-json\/wp\/v2\/comments?post=79028"}],"version-history":[{"count":1,"href":"https:\/\/www.caririemacao.com\/1\/wp-json\/wp\/v2\/posts\/79028\/revisions"}],"predecessor-version":[{"id":79029,"href":"https:\/\/www.caririemacao.com\/1\/wp-json\/wp\/v2\/posts\/79028\/revisions\/79029"}],"wp:featuredmedia":[{"embeddable":true,"href":"https:\/\/www.caririemacao.com\/1\/wp-json\/wp\/v2\/media\/77327"}],"wp:attachment":[{"href":"https:\/\/www.caririemacao.com\/1\/wp-json\/wp\/v2\/media?parent=79028"}],"wp:term":[{"taxonomy":"category","embeddable":true,"href":"https:\/\/www.caririemacao.com\/1\/wp-json\/wp\/v2\/categories?post=79028"},{"taxonomy":"post_tag","embeddable":true,"href":"https:\/\/www.caririemacao.com\/1\/wp-json\/wp\/v2\/tags?post=79028"}],"curies":[{"name":"wp","href":"https:\/\/api.w.org\/{rel}","templated":true}]}}