{"id":79031,"date":"2018-12-31T11:04:56","date_gmt":"2018-12-31T14:04:56","guid":{"rendered":"http:\/\/www.caririemacao.com\/1\/?p=79031"},"modified":"2018-12-31T11:04:56","modified_gmt":"2018-12-31T14:04:56","slug":"bomba-presidente","status":"publish","type":"post","link":"https:\/\/www.caririemacao.com\/1\/2018\/12\/31\/bomba-presidente\/","title":{"rendered":"Bomba Presidente!"},"content":{"rendered":"<p>Nesta ter\u00e7a-feira dia 1\u00b0 de Janeiro de 2019,o Vereador Le\u00f4nidas Albino o popular Bomba estar\u00e1 assumindo a presid\u00eancia do legislativo Sumeense,Bi\u00eanio 2019\/2020.<br \/>\nA composi\u00e7\u00e3o da mesa diretora,ficou assim constitu\u00edda:<\/p>\n<p>Presidente: Le\u00f4nidas Albino.<br \/>\nVice Presidente: Daniel Lela<br \/>\nPrimeiro Secret\u00e1rio: Bonilson Tim\u00f3teo<br \/>\nSegundo Secret\u00e1rio:<br \/>\nBranco Xiliu.<\/p>\n<p>A posse est\u00e1 marcada para acontecer \u00e0s 10hs da manh\u00e3 no Plen\u00e1rio da Casa C\u00edcero Soares.<br \/>\nAl\u00e9m dos vereadores,presen\u00e7a de diversas autoridades e da popula\u00e7\u00e3o em geral.<br \/>\n&#8220;Segundo Bomba,Um momento com um significado muito grande e cheio de desafios,mas com o prop\u00f3sito de vencer todos os obst\u00e1culos e fazer uma gest\u00e3o participativa&#8221;.<\/p>\n","protected":false},"excerpt":{"rendered":"<p>Nesta ter\u00e7a-feira dia 1\u00b0 de Janeiro de 2019,o Vereador Le\u00f4nidas Albino o popular Bomba estar\u00e1 assumindo a presid\u00eancia do legislativo Sumeense,Bi\u00eanio 2019\/2020. A composi\u00e7\u00e3o da&hellip; <\/p>\n","protected":false},"author":1,"featured_media":79032,"comment_status":"closed","ping_status":"closed","sticky":false,"template":"","format":"standard","meta":{"sfsi_plus_gutenberg_text_before_share":"","sfsi_plus_gutenberg_show_text_before_share":"","sfsi_plus_gutenberg_icon_type":"","sfsi_plus_gutenberg_icon_alignemt":"","sfsi_plus_gutenburg_max_per_row":"","footnotes":""},"categories":[2],"tags":[],"class_list":["post-79031","post","type-post","status-publish","format-standard","has-post-thumbnail","hentry","category-geral"],"_links":{"self":[{"href":"https:\/\/www.caririemacao.com\/1\/wp-json\/wp\/v2\/posts\/79031","targetHints":{"allow":["GET"]}}],"collection":[{"href":"https:\/\/www.caririemacao.com\/1\/wp-json\/wp\/v2\/posts"}],"about":[{"href":"https:\/\/www.caririemacao.com\/1\/wp-json\/wp\/v2\/types\/post"}],"author":[{"embeddable":true,"href":"https:\/\/www.caririemacao.com\/1\/wp-json\/wp\/v2\/users\/1"}],"replies":[{"embeddable":true,"href":"https:\/\/www.caririemacao.com\/1\/wp-json\/wp\/v2\/comments?post=79031"}],"version-history":[{"count":1,"href":"https:\/\/www.caririemacao.com\/1\/wp-json\/wp\/v2\/posts\/79031\/revisions"}],"predecessor-version":[{"id":79033,"href":"https:\/\/www.caririemacao.com\/1\/wp-json\/wp\/v2\/posts\/79031\/revisions\/79033"}],"wp:featuredmedia":[{"embeddable":true,"href":"https:\/\/www.caririemacao.com\/1\/wp-json\/wp\/v2\/media\/79032"}],"wp:attachment":[{"href":"https:\/\/www.caririemacao.com\/1\/wp-json\/wp\/v2\/media?parent=79031"}],"wp:term":[{"taxonomy":"category","embeddable":true,"href":"https:\/\/www.caririemacao.com\/1\/wp-json\/wp\/v2\/categories?post=79031"},{"taxonomy":"post_tag","embeddable":true,"href":"https:\/\/www.caririemacao.com\/1\/wp-json\/wp\/v2\/tags?post=79031"}],"curies":[{"name":"wp","href":"https:\/\/api.w.org\/{rel}","templated":true}]}}