{"id":79038,"date":"2018-12-31T11:12:22","date_gmt":"2018-12-31T14:12:22","guid":{"rendered":"http:\/\/www.caririemacao.com\/1\/?p=79038"},"modified":"2018-12-31T11:12:22","modified_gmt":"2018-12-31T14:12:22","slug":"fim-dos-tempos-adolescente-de-15-anos-e-apreendido-apos-tentar-estuprar-a-propria-avo","status":"publish","type":"post","link":"https:\/\/www.caririemacao.com\/1\/2018\/12\/31\/fim-dos-tempos-adolescente-de-15-anos-e-apreendido-apos-tentar-estuprar-a-propria-avo\/","title":{"rendered":"Fim dos tempos: Adolescente de 15 anos \u00e9 apreendido ap\u00f3s tentar estuprar a pr\u00f3pria av\u00f3"},"content":{"rendered":"<p>Um adolescente, de apenas 15 anos atacou a pr\u00f3pria av\u00f3, de 57 anos, que estava dormindo e tentou estupr\u00e1-la. Como n\u00e3o conseguiu e a Pol\u00edcia Militar foi chamada, saiu pulando muros e telhados de casas vizinhas na regi\u00e3o do Morada da Serra para escapar de pris\u00e3o, mas acabou apreendido<\/p>\n<p>A av\u00f3, que n\u00e3o teve seu nome revelado a pedido da fam\u00edlia, estava dormindo em seu quarto na cama, enquanto que seu marido dormia no ch\u00e3o, ao lado. Foi quando o neto, menor de idade chegou a resid\u00eancia na manh\u00e3 da \u00faltima ter\u00e7a-feira, por volta as 6h30. Ele entrou no quarto e pulou para cima do corpo da av\u00f3, passando a m\u00e3os em seu corpo, nas partes \u00edntimas. A mulher se assustou e come\u00e7ou a gritar. O marido acordo, mas o menino pegou uma faca e amea\u00e7ou matar todos, dizendo que queria fazer sexo com a vov\u00f3.<\/p>\n<p>Os gritos acordaram vizinhos que chamaram a Pol\u00edcia Militar. Ao chegar no local, o menino saiu correndo pulando muros e telhados dos vizinhos.<\/p>\n<p>O adolescente foi contido pelo cunhado da v\u00edtima. Quando a pol\u00edcia chegou, ele tinha um corte no dedo e escoria\u00e7\u00f5es decorrentes da tentativa de fuga. Ent\u00e3o, ele foi encaminhado para a Unidade de Pronto Atendimento (UPA) da Morada do Ouro, Cuiab\u00e1 \u2013 MT. Depois de liberado, ele foi levado para a Central de Flagrantes para as provid\u00eancias cab\u00edveis.<\/p>\n<p>&nbsp;<\/p>\n<p>24HorasNews<\/p>\n","protected":false},"excerpt":{"rendered":"<p>Um adolescente, de apenas 15 anos atacou a pr\u00f3pria av\u00f3, de 57 anos, que estava dormindo e tentou estupr\u00e1-la. Como n\u00e3o conseguiu e a Pol\u00edcia&hellip; <\/p>\n","protected":false},"author":1,"featured_media":79039,"comment_status":"closed","ping_status":"closed","sticky":false,"template":"","format":"standard","meta":{"sfsi_plus_gutenberg_text_before_share":"","sfsi_plus_gutenberg_show_text_before_share":"","sfsi_plus_gutenberg_icon_type":"","sfsi_plus_gutenberg_icon_alignemt":"","sfsi_plus_gutenburg_max_per_row":"","footnotes":""},"categories":[50,12],"tags":[],"class_list":["post-79038","post","type-post","status-publish","format-standard","has-post-thumbnail","hentry","category-destaque","category-policia"],"_links":{"self":[{"href":"https:\/\/www.caririemacao.com\/1\/wp-json\/wp\/v2\/posts\/79038","targetHints":{"allow":["GET"]}}],"collection":[{"href":"https:\/\/www.caririemacao.com\/1\/wp-json\/wp\/v2\/posts"}],"about":[{"href":"https:\/\/www.caririemacao.com\/1\/wp-json\/wp\/v2\/types\/post"}],"author":[{"embeddable":true,"href":"https:\/\/www.caririemacao.com\/1\/wp-json\/wp\/v2\/users\/1"}],"replies":[{"embeddable":true,"href":"https:\/\/www.caririemacao.com\/1\/wp-json\/wp\/v2\/comments?post=79038"}],"version-history":[{"count":1,"href":"https:\/\/www.caririemacao.com\/1\/wp-json\/wp\/v2\/posts\/79038\/revisions"}],"predecessor-version":[{"id":79040,"href":"https:\/\/www.caririemacao.com\/1\/wp-json\/wp\/v2\/posts\/79038\/revisions\/79040"}],"wp:featuredmedia":[{"embeddable":true,"href":"https:\/\/www.caririemacao.com\/1\/wp-json\/wp\/v2\/media\/79039"}],"wp:attachment":[{"href":"https:\/\/www.caririemacao.com\/1\/wp-json\/wp\/v2\/media?parent=79038"}],"wp:term":[{"taxonomy":"category","embeddable":true,"href":"https:\/\/www.caririemacao.com\/1\/wp-json\/wp\/v2\/categories?post=79038"},{"taxonomy":"post_tag","embeddable":true,"href":"https:\/\/www.caririemacao.com\/1\/wp-json\/wp\/v2\/tags?post=79038"}],"curies":[{"name":"wp","href":"https:\/\/api.w.org\/{rel}","templated":true}]}}