{"id":79041,"date":"2018-12-31T11:26:32","date_gmt":"2018-12-31T14:26:32","guid":{"rendered":"http:\/\/www.caririemacao.com\/1\/?p=79041"},"modified":"2018-12-31T11:26:32","modified_gmt":"2018-12-31T14:26:32","slug":"apos-anulacao-da-eleicao-elizete-tomara-posse-como-presidente-da-camara-de-gurjao-nesta-terca-nova-eleicao-sera-realizada","status":"publish","type":"post","link":"https:\/\/www.caririemacao.com\/1\/2018\/12\/31\/apos-anulacao-da-eleicao-elizete-tomara-posse-como-presidente-da-camara-de-gurjao-nesta-terca-nova-eleicao-sera-realizada\/","title":{"rendered":"Ap\u00f3s anula\u00e7\u00e3o da elei\u00e7\u00e3o, Elizete tomar\u00e1 posse como presidente da C\u00e2mara de Gurj\u00e3o nesta ter\u00e7a; nova elei\u00e7\u00e3o ser\u00e1 realizada"},"content":{"rendered":"<p>Ap\u00f3s a anula\u00e7\u00e3o da elei\u00e7\u00e3o da mesa diretora em a\u00e7\u00e3o judicial impetrada pela chapa encabe\u00e7ada pela vereadora Maria Elizete, a C\u00e2mara Municipal de Gurj\u00e3o realizar\u00e1 nesta ter\u00e7a-feira, dia 1\u00ba de janeiro, a solenidade de posse da presid\u00eancia da C\u00e2mara \u2018Agripino de Farias Gurj\u00e3o\u2019.<\/p>\n<p>O juiz Dr. Diego Garcia Oliveira concedeu a tutela de urg\u00eancia antecipada e determinou que o Legislativo realizasse imediatamente a convoca\u00e7\u00e3o de novas elei\u00e7\u00f5es. Com a estipula\u00e7\u00e3o do prazo determinado pela justi\u00e7a, com isso, a elei\u00e7\u00e3o que foi realizada no \u00faltimo dia 27 de dezembro e foi automaticamente anulada conforme decis\u00e3o judicial.<\/p>\n<p><span class=\"text_exposed_show\">A vereadora Maria Elizete de Farias Almeida ser\u00e1 empossada como presidente, por ter o maior n\u00famero de mandatos entre os vereadores, como manda o regimento e convocar\u00e1 uma nova elei\u00e7\u00e3o, desta feita, na forma regimental, com voto p\u00fablico e aberto.\u00a0<\/span><\/p>\n<div class=\"text_exposed_show\">\n<p>Em informa\u00e7\u00f5es apuradas pela nossa reportagem, a nova presidente Maria Elizete, em exerc\u00edcio, convocar\u00e1 novas elei\u00e7\u00f5es que ser\u00e1 previamente anunciada e todos os vereadores da c\u00e2mara ser\u00e3o convocados com prazo de 48 horas de anteced\u00eancia. A nova elei\u00e7\u00e3o da C\u00e2mara de Gurj\u00e3o deve acontecer provavelmente no pr\u00f3ximo dia 04 de janeiro 2019.<\/p>\n<p><strong>De Olho no Cariri<\/strong><\/p>\n<\/div>\n","protected":false},"excerpt":{"rendered":"<p>Ap\u00f3s a anula\u00e7\u00e3o da elei\u00e7\u00e3o da mesa diretora em a\u00e7\u00e3o judicial impetrada pela chapa encabe\u00e7ada pela vereadora Maria Elizete, a C\u00e2mara Municipal de Gurj\u00e3o realizar\u00e1&hellip; <\/p>\n","protected":false},"author":1,"featured_media":79042,"comment_status":"closed","ping_status":"closed","sticky":false,"template":"","format":"standard","meta":{"sfsi_plus_gutenberg_text_before_share":"","sfsi_plus_gutenberg_show_text_before_share":"","sfsi_plus_gutenberg_icon_type":"","sfsi_plus_gutenberg_icon_alignemt":"","sfsi_plus_gutenburg_max_per_row":"","footnotes":""},"categories":[6,50],"tags":[],"class_list":["post-79041","post","type-post","status-publish","format-standard","has-post-thumbnail","hentry","category-cidades","category-destaque"],"_links":{"self":[{"href":"https:\/\/www.caririemacao.com\/1\/wp-json\/wp\/v2\/posts\/79041","targetHints":{"allow":["GET"]}}],"collection":[{"href":"https:\/\/www.caririemacao.com\/1\/wp-json\/wp\/v2\/posts"}],"about":[{"href":"https:\/\/www.caririemacao.com\/1\/wp-json\/wp\/v2\/types\/post"}],"author":[{"embeddable":true,"href":"https:\/\/www.caririemacao.com\/1\/wp-json\/wp\/v2\/users\/1"}],"replies":[{"embeddable":true,"href":"https:\/\/www.caririemacao.com\/1\/wp-json\/wp\/v2\/comments?post=79041"}],"version-history":[{"count":1,"href":"https:\/\/www.caririemacao.com\/1\/wp-json\/wp\/v2\/posts\/79041\/revisions"}],"predecessor-version":[{"id":79043,"href":"https:\/\/www.caririemacao.com\/1\/wp-json\/wp\/v2\/posts\/79041\/revisions\/79043"}],"wp:featuredmedia":[{"embeddable":true,"href":"https:\/\/www.caririemacao.com\/1\/wp-json\/wp\/v2\/media\/79042"}],"wp:attachment":[{"href":"https:\/\/www.caririemacao.com\/1\/wp-json\/wp\/v2\/media?parent=79041"}],"wp:term":[{"taxonomy":"category","embeddable":true,"href":"https:\/\/www.caririemacao.com\/1\/wp-json\/wp\/v2\/categories?post=79041"},{"taxonomy":"post_tag","embeddable":true,"href":"https:\/\/www.caririemacao.com\/1\/wp-json\/wp\/v2\/tags?post=79041"}],"curies":[{"name":"wp","href":"https:\/\/api.w.org\/{rel}","templated":true}]}}