{"id":79070,"date":"2018-12-31T14:19:23","date_gmt":"2018-12-31T17:19:23","guid":{"rendered":"http:\/\/www.caririemacao.com\/1\/?p=79070"},"modified":"2018-12-31T14:19:23","modified_gmt":"2018-12-31T17:19:23","slug":"vereador-admite-ser-pre-candidato-a-prefeito-de-zabele-em-2020","status":"publish","type":"post","link":"https:\/\/www.caririemacao.com\/1\/2018\/12\/31\/vereador-admite-ser-pre-candidato-a-prefeito-de-zabele-em-2020\/","title":{"rendered":"Vereador admite ser pr\u00e9-candidato a prefeito de Zabel\u00ea em 2020"},"content":{"rendered":"<p>Faltando menos de um ano e oito meses para as Elei\u00e7\u00f5es de 2020, onde candidatos concorrer\u00e3o aos cargos de vereadores e prefeito da cidade de Zabel\u00ea, no Cariri Paraibano, as articula\u00e7\u00f5es pol\u00edticas come\u00e7am a tomar corpo, surgindo alguns nomes para a disputa municipal.<\/p>\n<p>Um dos nomes que j\u00e1 aparece no cen\u00e1rio politico zabeleense \u00e9 o do atual presidente da C\u00e2mara Municipal de Zabel\u00ea, Pedro Apolin\u00e1rio, vereador\u00a0eleito pelo\u00a0PSD\u00a0nas Elei\u00e7\u00f5es em 2016 pela coliga\u00e7\u00e3o\u00a0Zabel\u00ea Continuando no rumo certo, onde teve como prefeito e eleito Dalyson Neves.<\/p>\n<p>Com o nome de Pedro Apolin\u00e1rio, o grupo de situa\u00e7\u00e3o, que tem o atual prefeito Dalyson, ficar\u00e1 dividido nas pr\u00f3ximas elei\u00e7\u00f5es. Vale destacar que o presidente Pedro Apolin\u00e1rio j\u00e1 tem dois mandatos como vereador no munic\u00edpio.<\/p>\n<p>Procurado pelo Cariri em A\u00e7\u00e3o, o vereador Pedro disse que o seu partido, o PSD, decidiu que lan\u00e7ar\u00e1 uma pr\u00e9-candidatura a prefeito nas pr\u00f3ximas elei\u00e7\u00f5es, colocando inclusive, seu nome para a disputa a Prefeitura de Zabel\u00ea.<\/p>\n<p>\u201cQuero dar minha contribui\u00e7\u00e3o como prefeito de Zabel\u00ea, porque minha cidade merece mais, por isso, acredito que a popula\u00e7\u00e3o zabeleense entende do que estou falando. Quero fazer diferente, focando a\u00e7\u00f5es que beneficiem a popula\u00e7\u00e3o, principalmente aos que mais precisam\u201d, comentou.<\/p>\n","protected":false},"excerpt":{"rendered":"<p>Faltando menos de um ano e oito meses para as Elei\u00e7\u00f5es de 2020, onde candidatos concorrer\u00e3o aos cargos de vereadores e prefeito da cidade de&hellip; <\/p>\n","protected":false},"author":2,"featured_media":79071,"comment_status":"closed","ping_status":"closed","sticky":false,"template":"","format":"standard","meta":{"sfsi_plus_gutenberg_text_before_share":"","sfsi_plus_gutenberg_show_text_before_share":"","sfsi_plus_gutenberg_icon_type":"","sfsi_plus_gutenberg_icon_alignemt":"","sfsi_plus_gutenburg_max_per_row":"","footnotes":""},"categories":[11],"tags":[],"class_list":["post-79070","post","type-post","status-publish","format-standard","has-post-thumbnail","hentry","category-politica"],"_links":{"self":[{"href":"https:\/\/www.caririemacao.com\/1\/wp-json\/wp\/v2\/posts\/79070","targetHints":{"allow":["GET"]}}],"collection":[{"href":"https:\/\/www.caririemacao.com\/1\/wp-json\/wp\/v2\/posts"}],"about":[{"href":"https:\/\/www.caririemacao.com\/1\/wp-json\/wp\/v2\/types\/post"}],"author":[{"embeddable":true,"href":"https:\/\/www.caririemacao.com\/1\/wp-json\/wp\/v2\/users\/2"}],"replies":[{"embeddable":true,"href":"https:\/\/www.caririemacao.com\/1\/wp-json\/wp\/v2\/comments?post=79070"}],"version-history":[{"count":2,"href":"https:\/\/www.caririemacao.com\/1\/wp-json\/wp\/v2\/posts\/79070\/revisions"}],"predecessor-version":[{"id":79073,"href":"https:\/\/www.caririemacao.com\/1\/wp-json\/wp\/v2\/posts\/79070\/revisions\/79073"}],"wp:featuredmedia":[{"embeddable":true,"href":"https:\/\/www.caririemacao.com\/1\/wp-json\/wp\/v2\/media\/79071"}],"wp:attachment":[{"href":"https:\/\/www.caririemacao.com\/1\/wp-json\/wp\/v2\/media?parent=79070"}],"wp:term":[{"taxonomy":"category","embeddable":true,"href":"https:\/\/www.caririemacao.com\/1\/wp-json\/wp\/v2\/categories?post=79070"},{"taxonomy":"post_tag","embeddable":true,"href":"https:\/\/www.caririemacao.com\/1\/wp-json\/wp\/v2\/tags?post=79070"}],"curies":[{"name":"wp","href":"https:\/\/api.w.org\/{rel}","templated":true}]}}