{"id":79074,"date":"2018-12-31T14:40:48","date_gmt":"2018-12-31T17:40:48","guid":{"rendered":"http:\/\/www.caririemacao.com\/1\/?p=79074"},"modified":"2018-12-31T14:40:48","modified_gmt":"2018-12-31T17:40:48","slug":"pratenses-clamam-por-mais-seguranca-no-municipio","status":"publish","type":"post","link":"https:\/\/www.caririemacao.com\/1\/2018\/12\/31\/pratenses-clamam-por-mais-seguranca-no-municipio\/","title":{"rendered":"Pratenses clamam por mais seguran\u00e7a no munic\u00edpio"},"content":{"rendered":"<p>Cansada de tanta viol\u00eancia e alarmada com a situa\u00e7\u00e3o, a popula\u00e7\u00e3o do munic\u00edpio de Prata, no Cariri Paraibano, procurou o portal Cariri em A\u00e7\u00e3o para pedir que as autoridades tomem provid\u00eancias aos in\u00fameros casos de viol\u00eancia na cidade nos \u00faltimos dias.<\/p>\n<p>Um dos denunciantes, que n\u00e3o quis se identificar com medo de morrer, comentou que na \u00faltima sexta-feira, dia 28, foram roubadas duas motos na Prata, al\u00e9m de cinco casas arrombadas. Essa pessoa relatou que o pessoal est\u00e1 com medo de denunciar com medo de repres\u00e1lia devido ao grande n\u00famero de traficantes e usu\u00e1rios de drogas que t\u00eam na prata, que tem procurado o munic\u00edpio para se esconder.<\/p>\n<p>A situa\u00e7\u00e3o est\u00e1 t\u00e3o grave que se o pessoal sair de casa pode ter suas casas roubadas, e se sair de moto pode ter sua moto roubada. Tamb\u00e9m foi relatado que tem muitos menores bebendo e andando de moto na rua e que as pessoas de bem ficam trancadas e os vagabundos na rua.<\/p>\n<p>Outro fato registrado \u00e9 que mesmo em dia de festa as pessoas est\u00e3o com receio de sair de casa, com medo de serem roubadas. O clima de inseguran\u00e7a tem provocado revolta na popula\u00e7\u00e3o que pede que a Pol\u00edcia Militar e Civil tomem provid\u00eancias e realizem a\u00e7\u00f5es de combate a essa viol\u00eancia.<\/p>\n<p>A popula\u00e7\u00e3o pede a participa\u00e7\u00e3o de todos na luta pela paz e pela conquista de mecanismos que ampliem as a\u00e7\u00f5es de combate ao crime e devolvam aos pratenses a tranquilidade para ir e vir, trabalhar e viver em seguran\u00e7a. \u00c9 alarmante o \u00edndice crescente de assaltos e outros delitos, tendo como agravante o uso crescente e o aumento do tr\u00e1fico de drogas no munic\u00edpio.<\/p>\n","protected":false},"excerpt":{"rendered":"<p>Cansada de tanta viol\u00eancia e alarmada com a situa\u00e7\u00e3o, a popula\u00e7\u00e3o do munic\u00edpio de Prata, no Cariri Paraibano, procurou o portal Cariri em A\u00e7\u00e3o para&hellip; <\/p>\n","protected":false},"author":2,"featured_media":27803,"comment_status":"closed","ping_status":"closed","sticky":false,"template":"","format":"standard","meta":{"sfsi_plus_gutenberg_text_before_share":"","sfsi_plus_gutenberg_show_text_before_share":"","sfsi_plus_gutenberg_icon_type":"","sfsi_plus_gutenberg_icon_alignemt":"","sfsi_plus_gutenburg_max_per_row":"","footnotes":""},"categories":[1],"tags":[],"class_list":["post-79074","post","type-post","status-publish","format-standard","has-post-thumbnail","hentry","category-o-site"],"_links":{"self":[{"href":"https:\/\/www.caririemacao.com\/1\/wp-json\/wp\/v2\/posts\/79074","targetHints":{"allow":["GET"]}}],"collection":[{"href":"https:\/\/www.caririemacao.com\/1\/wp-json\/wp\/v2\/posts"}],"about":[{"href":"https:\/\/www.caririemacao.com\/1\/wp-json\/wp\/v2\/types\/post"}],"author":[{"embeddable":true,"href":"https:\/\/www.caririemacao.com\/1\/wp-json\/wp\/v2\/users\/2"}],"replies":[{"embeddable":true,"href":"https:\/\/www.caririemacao.com\/1\/wp-json\/wp\/v2\/comments?post=79074"}],"version-history":[{"count":1,"href":"https:\/\/www.caririemacao.com\/1\/wp-json\/wp\/v2\/posts\/79074\/revisions"}],"predecessor-version":[{"id":79075,"href":"https:\/\/www.caririemacao.com\/1\/wp-json\/wp\/v2\/posts\/79074\/revisions\/79075"}],"wp:featuredmedia":[{"embeddable":true,"href":"https:\/\/www.caririemacao.com\/1\/wp-json\/wp\/v2\/media\/27803"}],"wp:attachment":[{"href":"https:\/\/www.caririemacao.com\/1\/wp-json\/wp\/v2\/media?parent=79074"}],"wp:term":[{"taxonomy":"category","embeddable":true,"href":"https:\/\/www.caririemacao.com\/1\/wp-json\/wp\/v2\/categories?post=79074"},{"taxonomy":"post_tag","embeddable":true,"href":"https:\/\/www.caririemacao.com\/1\/wp-json\/wp\/v2\/tags?post=79074"}],"curies":[{"name":"wp","href":"https:\/\/api.w.org\/{rel}","templated":true}]}}